{"id":237262,"date":"2023-01-25T12:38:26","date_gmt":"2023-01-25T16:38:26","guid":{"rendered":"https:\/\/elluchador.info\/web\/?p=237262"},"modified":"2023-01-25T12:40:21","modified_gmt":"2023-01-25T16:40:21","slug":"los-fabelman-la-encantadora-historia-de-spielberg","status":"publish","type":"post","link":"https:\/\/elluchador.info\/?p=237262","title":{"rendered":"\u00abLos Fabelman\u00bb la encantadora historia de Spielberg"},"content":{"rendered":"<p>Hay historias que conectan sin esfuerzo con las emociones y no demoran en encandilar, \u00abLos Fabelman\u00bb es una de ellas. Dirigida por Steven Spielberg la pel\u00edcula llega a los cines, este 26 de enero, para narrar una ficci\u00f3n autobiogr\u00e1fica. Una que el realizador ha querido compartir, recordando aspectos de su pasado, enmarcados en el recuerdo de su infancia y adolescencia. Espec\u00edficamente, en ese instante en el que descubre su pasi\u00f3n por el cine y lucha por demostrar a su familia que no hay nada m\u00e1s poderoso que creer en el talento.<\/p>\n<p>Escrita hace m\u00e1s de 20 a\u00f1os, se trata tambi\u00e9n de una suerte de terapia en la que el realizador exorciza sus demonios en lo que parece una oda al s\u00e9ptimo arte. Y es que recreando el profundo drama de una familia, se debate entre frustraciones y logros para alcanzar un objetivo. Sacudiendo emociones, sus recuerdos cogen cuerpo a partir de un pu\u00f1ado de historias archivadas en su cabeza.<\/p>\n<p>Sensible, sencilla e inspiradora alimenta el film con secretos y drama. Y as\u00ed, \u00abLos Fabelman\u00bb se narra desde la perspectiva de la a\u00f1oranza. Cada plano obedece a la emoci\u00f3n anclada a un recuerdo y ya por all\u00ed no demora en eclipsar y enternecer.<\/p>\n<p>Destacados<\/p>\n<p>Con el apoyo de su familia y arropado por el cari\u00f1o de unos padres que le ense\u00f1an valores mientras todos sortean sus conflictos existenciales, el director ubica al espectador en una narrativa prolija.<\/p>\n<p>En el discurso, tiempo y geograf\u00eda dan cuenta del avance y transformaci\u00f3n que viven \u00abLos Fabelman\u00bb mientras intentan crecer. Tambi\u00e9n de c\u00f3mo pasan de ser una familia modesta a convertirse en una un poco m\u00e1s acomodada. Valores como trabajo duro para alcanzar sue\u00f1os o sacrificios para crecer, son puestos frente a los ojos de quien se recrea adem\u00e1s con una direcci\u00f3n art\u00edstica impecable.<\/p>\n<p>Por otro lado, actuaciones fuera de serie llevan al espectador a sentir, casi en primera persona, los conflictos existenciales por los que atraviesan los personajes. Destacan los personajes de Gabriel LaBelle como Sammy, Michelle Williams como Mitzi, Paul Dano como Burt, Seth Rogen como Bennie y Judd Hirsch como el t\u00edo Boris.<\/p>\n<p>Judd Hirsch, from left, Gabriel LaBelle, Steven Spielberg, Michelle Williams and Paul Dano pose in the press room with the award for best motion picture, drama for \u00abThe Fabelmans\u00bb at the 80th annual Golden Globe Awards at the Beverly Hilton Hotel on Tuesday, Jan. 10, 2023, in Beverly Hills, Calif. Steven Spielberg, center, won the award for best director, motion picture for \u00abThe Fablemans.\u00bb (Photo by Chris Pizzello\/Invision\/AP)<\/p>\n<p>Congraciado<\/p>\n<p>Con una novena nominaci\u00f3n al \u00d3scar como Mejor director por \u00abLos Fabelman\u00bb, Spielberg es el gran favorito para llevarse la estatuilla en la 95\u00aa edici\u00f3n de los premios de la Academia de Hollywood.<\/p>\n<p>La nominaci\u00f3n llega poco despu\u00e9s de haber conseguido el Globo de Oro por la misma historia. La pel\u00edcula, adem\u00e1s, se alz\u00f3 como Mejor filme dram\u00e1tico.<\/p>\n<p>Pero ser\u00e1 el 12 de marzo, desde las instalaciones del Dolby Theatre ubicado en Los \u00c1ngeles, California (EE.UU.), cuando se sabr\u00e1 si obtiene el galard\u00f3n.<\/p>\n<p>Spielberg ya gan\u00f3 en dos oportunidades el premio \u00d3scar a director: primero en 1994 con \u00abLa lista de Schindler\u00bb y luego en 1999 con \u00abRescatando al soldado Ryan\u00bb.<\/p>\n<p>Este a\u00f1o se disputa varios galardones adem\u00e1s de Mejor pel\u00edcula y Mejor director. Figuran tambi\u00e9n Mejor actor de reparto Judd Hirsch, Mejor actriz Michelle Williams, Mejor guion original, Mejor dise\u00f1o de producci\u00f3n y Mejor banda sonora.<\/p>\n<p>Con informaci\u00f3n de ultimasnoticias.com.ve.<\/p>\n","protected":false},"excerpt":{"rendered":"<p>Hay historias que conectan sin esfuerzo con las emociones y no demoran en encandilar, \u00abLos Fabelman\u00bb es una de ellas. Dirigida por Steven Spielberg la pel\u00edcula llega a los cines, este 26 de enero, para narrar una ficci\u00f3n autobiogr\u00e1fica. Una que el realizador ha querido compartir, recordando aspectos de su pasado, enmarcados en el recuerdo [&hellip;]<\/p>\n","protected":false},"author":19,"featured_media":237265,"comment_status":"closed","ping_status":"closed","sticky":false,"template":"","format":"standard","meta":{"footnotes":""},"categories":[7],"tags":[],"class_list":{"0":"post-237262","1":"post","2":"type-post","3":"status-publish","4":"format-standard","5":"has-post-thumbnail","7":"category-entretenimiento"},"_links":{"self":[{"href":"https:\/\/elluchador.info\/index.php?rest_route=\/wp\/v2\/posts\/237262","targetHints":{"allow":["GET"]}}],"collection":[{"href":"https:\/\/elluchador.info\/index.php?rest_route=\/wp\/v2\/posts"}],"about":[{"href":"https:\/\/elluchador.info\/index.php?rest_route=\/wp\/v2\/types\/post"}],"author":[{"embeddable":true,"href":"https:\/\/elluchador.info\/index.php?rest_route=\/wp\/v2\/users\/19"}],"replies":[{"embeddable":true,"href":"https:\/\/elluchador.info\/index.php?rest_route=%2Fwp%2Fv2%2Fcomments&post=237262"}],"version-history":[{"count":1,"href":"https:\/\/elluchador.info\/index.php?rest_route=\/wp\/v2\/posts\/237262\/revisions"}],"predecessor-version":[{"id":237264,"href":"https:\/\/elluchador.info\/index.php?rest_route=\/wp\/v2\/posts\/237262\/revisions\/237264"}],"wp:featuredmedia":[{"embeddable":true,"href":"https:\/\/elluchador.info\/index.php?rest_route=\/wp\/v2\/media\/237265"}],"wp:attachment":[{"href":"https:\/\/elluchador.info\/index.php?rest_route=%2Fwp%2Fv2%2Fmedia&parent=237262"}],"wp:term":[{"taxonomy":"category","embeddable":true,"href":"https:\/\/elluchador.info\/index.php?rest_route=%2Fwp%2Fv2%2Fcategories&post=237262"},{"taxonomy":"post_tag","embeddable":true,"href":"https:\/\/elluchador.info\/index.php?rest_route=%2Fwp%2Fv2%2Ftags&post=237262"}],"curies":[{"name":"wp","href":"https:\/\/api.w.org\/{rel}","templated":true}]}}