{"id":237272,"date":"2023-01-25T13:25:06","date_gmt":"2023-01-25T17:25:06","guid":{"rendered":"https:\/\/elluchador.info\/web\/?p=237272"},"modified":"2023-01-25T13:25:06","modified_gmt":"2023-01-25T17:25:06","slug":"lopez-afirma-que-no-se-discutira-aumento-salarial-en-el-foro-de-dialogo-social","status":"publish","type":"post","link":"https:\/\/elluchador.info\/?p=237272","title":{"rendered":"L\u00f3pez afirma que no se discutir\u00e1 aumento salarial en el Foro de Di\u00e1logo Social"},"content":{"rendered":"<p>El Coordinador General Central Bolivariana Socialista de Trabajadores, Carlos L\u00f3pez, aclar\u00f3 que en el Foro de Di\u00e1logo Social, que se llevar\u00e1 a cabo en la isla de Margarita, no se definir\u00e1n acuerdos asociados a un aumento salarial.<\/p>\n<p>\u00abEst\u00e1n creando una expectativa falsa. Nosotros estamos planteando desde ya que ese foro debe ser para hacer un bloque unido contra las medidas coercitivas y unilaterales y contra la hiperinflaci\u00f3n, ese es el objetivo para nosotros de ese foro\u00bb, dijo.<\/p>\n<p>Detall\u00f3 que la convocatoria del Gobierno para este lunes, con presencia de trabajadores, empresarios y acompa\u00f1antes de la OIT, se abordar\u00e1 temas asociados con el salario m\u00ednimo, derecho a la sindicalizaci\u00f3n y una consulta a los movimientos sociales.<\/p>\n<p>Destac\u00f3 que el presidente de la Rep\u00fablica puede definir un aumento salarial conforme a las condiciones del pa\u00eds, sin la intervenci\u00f3n de propuestas discutidas en el foro.<\/p>\n<p>Sobre las propuestas de la Central al Ejecutivo para este a\u00f1o destaca la recuperaci\u00f3n sostenida de la producci\u00f3n, medidas que ataquen la hiperinflaci\u00f3n y recuperaci\u00f3n de salario social. Resalt\u00f3 que el organismo no ha sugerido montos para los sueldos.<\/p>\n<p>Con informaci\u00f3n de unionradio.net<\/p>\n","protected":false},"excerpt":{"rendered":"<p>El Coordinador General Central Bolivariana Socialista de Trabajadores, Carlos L\u00f3pez, aclar\u00f3 que en el Foro de Di\u00e1logo Social, que se llevar\u00e1 a cabo en la isla de Margarita, no se definir\u00e1n acuerdos asociados a un aumento salarial. \u00abEst\u00e1n creando una expectativa falsa. Nosotros estamos planteando desde ya que ese foro debe ser para hacer un [&hellip;]<\/p>\n","protected":false},"author":19,"featured_media":237273,"comment_status":"closed","ping_status":"closed","sticky":false,"template":"","format":"standard","meta":{"footnotes":""},"categories":[6],"tags":[],"class_list":{"0":"post-237272","1":"post","2":"type-post","3":"status-publish","4":"format-standard","5":"has-post-thumbnail","7":"category-economia"},"_links":{"self":[{"href":"https:\/\/elluchador.info\/index.php?rest_route=\/wp\/v2\/posts\/237272","targetHints":{"allow":["GET"]}}],"collection":[{"href":"https:\/\/elluchador.info\/index.php?rest_route=\/wp\/v2\/posts"}],"about":[{"href":"https:\/\/elluchador.info\/index.php?rest_route=\/wp\/v2\/types\/post"}],"author":[{"embeddable":true,"href":"https:\/\/elluchador.info\/index.php?rest_route=\/wp\/v2\/users\/19"}],"replies":[{"embeddable":true,"href":"https:\/\/elluchador.info\/index.php?rest_route=%2Fwp%2Fv2%2Fcomments&post=237272"}],"version-history":[{"count":1,"href":"https:\/\/elluchador.info\/index.php?rest_route=\/wp\/v2\/posts\/237272\/revisions"}],"predecessor-version":[{"id":237274,"href":"https:\/\/elluchador.info\/index.php?rest_route=\/wp\/v2\/posts\/237272\/revisions\/237274"}],"wp:featuredmedia":[{"embeddable":true,"href":"https:\/\/elluchador.info\/index.php?rest_route=\/wp\/v2\/media\/237273"}],"wp:attachment":[{"href":"https:\/\/elluchador.info\/index.php?rest_route=%2Fwp%2Fv2%2Fmedia&parent=237272"}],"wp:term":[{"taxonomy":"category","embeddable":true,"href":"https:\/\/elluchador.info\/index.php?rest_route=%2Fwp%2Fv2%2Fcategories&post=237272"},{"taxonomy":"post_tag","embeddable":true,"href":"https:\/\/elluchador.info\/index.php?rest_route=%2Fwp%2Fv2%2Ftags&post=237272"}],"curies":[{"name":"wp","href":"https:\/\/api.w.org\/{rel}","templated":true}]}}