{"id":237289,"date":"2023-01-26T09:16:10","date_gmt":"2023-01-26T13:16:10","guid":{"rendered":"https:\/\/elluchador.info\/web\/?p=237289"},"modified":"2023-01-26T09:16:10","modified_gmt":"2023-01-26T13:16:10","slug":"costa-rica-restablecera-relaciones-consulares-con-venezuela","status":"publish","type":"post","link":"https:\/\/elluchador.info\/?p=237289","title":{"rendered":"Costa Rica restablecer\u00e1 relaciones \u00abconsulares\u00bb con Venezuela"},"content":{"rendered":"<p>El gobierno de Costa Rica anunci\u00f3 este mi\u00e9rcoles que restablecer\u00e1n relaciones \u00abconsulares\u00bb con Venezuela para ayudar a los m\u00e1s de 100.000 venezolanos en el pa\u00eds centroamericano y a los costarricenses en la naci\u00f3n sudamericana.<\/p>\n<p>\u00abUna vez desaparecido, cancelado o eliminado el gobierno [interino] de Juan Guaid\u00f3, el \u00fanico que queda es el gobierno en Caracas [del presidente Nicol\u00e1s Maduro], con el que vamos a regularizar las relaciones consulares\u00bb, dijo el canciller de Costa Rica, Arnold\u00f3 Andr\u00e9, en una rueda de prensa conjunta con el presidente, Rodrigo Chaves.<\/p>\n<p>La intenci\u00f3n es establecer un sistema consular de Costa Rica pero a trav\u00e9s de un tercer pa\u00eds que ya est\u00e9 presente en Venezuela. Costa Rica no tiene representaci\u00f3n de ning\u00fan tipo desde octubre de 2020.<\/p>\n<p>Costa Rica rompi\u00f3 sus relaciones diplom\u00e1ticas con Venezuela de forma definitiva en abril de 2020 despu\u00e9s de que el gobierno de Maduro retirara las credenciales al entonces encargado de negocios costarricense en Caracas, Danilo Gonz\u00e1lez.<\/p>\n<p>Este paso de Costa Rica en materia consular no significa que las relaciones diplom\u00e1ticas rotas entre ambos pa\u00edses vayan a cambiar.<\/p>\n<p>\u00abNo malinterpreten, la posici\u00f3n diplom\u00e1tica de Costa Rica con Venezuela no est\u00e1 cambiando\u00bb, puntualiz\u00f3 Chaves.<\/p>\n<p>Con informaci\u00f3n de AFP.<\/p>\n","protected":false},"excerpt":{"rendered":"<p>El gobierno de Costa Rica anunci\u00f3 este mi\u00e9rcoles que restablecer\u00e1n relaciones \u00abconsulares\u00bb con Venezuela para ayudar a los m\u00e1s de 100.000 venezolanos en el pa\u00eds centroamericano y a los costarricenses en la naci\u00f3n sudamericana. \u00abUna vez desaparecido, cancelado o eliminado el gobierno [interino] de Juan Guaid\u00f3, el \u00fanico que queda es el gobierno en Caracas [&hellip;]<\/p>\n","protected":false},"author":19,"featured_media":237290,"comment_status":"closed","ping_status":"closed","sticky":false,"template":"","format":"standard","meta":{"footnotes":""},"categories":[8],"tags":[],"class_list":{"0":"post-237289","1":"post","2":"type-post","3":"status-publish","4":"format-standard","5":"has-post-thumbnail","7":"category-internacionales"},"_links":{"self":[{"href":"https:\/\/elluchador.info\/index.php?rest_route=\/wp\/v2\/posts\/237289","targetHints":{"allow":["GET"]}}],"collection":[{"href":"https:\/\/elluchador.info\/index.php?rest_route=\/wp\/v2\/posts"}],"about":[{"href":"https:\/\/elluchador.info\/index.php?rest_route=\/wp\/v2\/types\/post"}],"author":[{"embeddable":true,"href":"https:\/\/elluchador.info\/index.php?rest_route=\/wp\/v2\/users\/19"}],"replies":[{"embeddable":true,"href":"https:\/\/elluchador.info\/index.php?rest_route=%2Fwp%2Fv2%2Fcomments&post=237289"}],"version-history":[{"count":1,"href":"https:\/\/elluchador.info\/index.php?rest_route=\/wp\/v2\/posts\/237289\/revisions"}],"predecessor-version":[{"id":237291,"href":"https:\/\/elluchador.info\/index.php?rest_route=\/wp\/v2\/posts\/237289\/revisions\/237291"}],"wp:featuredmedia":[{"embeddable":true,"href":"https:\/\/elluchador.info\/index.php?rest_route=\/wp\/v2\/media\/237290"}],"wp:attachment":[{"href":"https:\/\/elluchador.info\/index.php?rest_route=%2Fwp%2Fv2%2Fmedia&parent=237289"}],"wp:term":[{"taxonomy":"category","embeddable":true,"href":"https:\/\/elluchador.info\/index.php?rest_route=%2Fwp%2Fv2%2Fcategories&post=237289"},{"taxonomy":"post_tag","embeddable":true,"href":"https:\/\/elluchador.info\/index.php?rest_route=%2Fwp%2Fv2%2Ftags&post=237289"}],"curies":[{"name":"wp","href":"https:\/\/api.w.org\/{rel}","templated":true}]}}