{"id":237298,"date":"2023-01-26T09:40:51","date_gmt":"2023-01-26T13:40:51","guid":{"rendered":"https:\/\/elluchador.info\/web\/?p=237298"},"modified":"2023-01-26T09:41:16","modified_gmt":"2023-01-26T13:41:16","slug":"muerte-de-un-bebe-en-cuzco-eleva-a-63-los-fallecidos-por-protestas-en-peru","status":"publish","type":"post","link":"https:\/\/elluchador.info\/?p=237298","title":{"rendered":"Muerte de un beb\u00e9 en Cuzco eleva a 63 los fallecidos por protestas en Per\u00fa"},"content":{"rendered":"<p>La Defensor\u00eda del Pueblo de Per\u00fa confirm\u00f3 este mi\u00e9rcoles la muerte de un beb\u00e9 de un a\u00f1o en Cuzco por hechos vinculados al bloqueo de carreteras por las protestas antigubernamentales, lo que elev\u00f3 a 63 el total de v\u00edctimas desde que comenz\u00f3 el estallido social en diciembre pasado.<\/p>\n<p>Seg\u00fan el \u00faltimo reporte del organismo, el menor falleci\u00f3 el martes \u00aben horas de la noche\u00bb por \u00abhechos vinculados al bloque de v\u00edas\u00bb en el distrito cuzque\u00f1o de San Jer\u00f3nimo.<\/p>\n<p>Previamente, medios locales informaron que un beb\u00e9 de un a\u00f1o y ocho meses que se dirig\u00eda al Hospital Regional de Cuzco por una infecci\u00f3n estomacal lleg\u00f3 sin signos vitales al centro de salud de San Jer\u00f3nimo.<\/p>\n<p>La emisora RPP detall\u00f3 que el veh\u00edculo particular que trasladaba al menor no pudo pasar el bloqueo que realizaban los manifestantes en el distrito de Oropesa, lo que imposibilit\u00f3 la atenci\u00f3n a tiempo del beb\u00e9.<\/p>\n<p>Con esta nueva muerte, ya son al menos tres los beb\u00e9s que han fallecido por hechos vinculados a las movilizaciones ciudadanas que exigen la renuncia de la presidenta Dina Boluarte, el cierre del Congreso y elecciones generales para este a\u00f1o.<\/p>\n<p>El pasado 9 de enero se report\u00f3 el deceso de un beb\u00e9 prematuro en la ciudad de Chucuito, en la sure\u00f1a regi\u00f3n de Puno, y despu\u00e9s Unicef confirm\u00f3 la muerte de un beb\u00e9 nonato, cuya madre, embarazada de siete meses, no lleg\u00f3 a tiempo al hospital.<\/p>\n<p>Hasta la fecha, seg\u00fan datos de la Defensor\u00eda del Pueblo, 46 personas que participaban en las protestas fallecieron fruto de enfrentamientos, mientras que un polic\u00eda muri\u00f3 tras ser quemado vivo por manifestantes.<\/p>\n<p>A estas v\u00edctimas, se suman ahora diez decesos en sucesos relacionados con los bloqueos de carreteras y una muerta ocurrida en la norte\u00f1a regi\u00f3n de La Libertad, confirmada por la Polic\u00eda.<\/p>\n<p>La Oficina del Alto Comisionado de las Naciones Unidas para los Refugiados report\u00f3 la muerte de cuatro haitianos que no pudieron recibir asistencia m\u00e9dica por los bloqueos de carreteras, adem\u00e1s del beb\u00e9 nonato confirmado por Unicef.<\/p>\n<p>57 polic\u00edas y 6 civiles heridos en enfrentamientos al sur de Lima<\/p>\n<p>Al menos 57 polic\u00edas y 6 civiles resultaron heridos durante enfrentamientos que se presentaron entre manifestantes antigubernamentales y las fuerzas de seguridad que intentaban desbloquear varios tramos de la carretera Panamericana Sur en la regi\u00f3n peruana de Ica, al sur de Lima.<\/p>\n<p>La agencia oficial Andina report\u00f3 que los choques m\u00e1s fuertes se presentaron a la altura de los kil\u00f3metros 290 y 263 de la carretera, donde un contingente policial desbloque\u00f3 la v\u00eda y se enfrent\u00f3 con gases lacrim\u00f3genos a manifestantes que arrojaron piedras.<\/p>\n<p>En la zona conocida como Expansi\u00f3n Urbana resultaron heridos 10 polic\u00edas y 6 civiles, mientras que en la zona conocida como Barrio Chino se reportaron 47 polic\u00edas lesionados, uno de ellos de gravedad, al presentar una herida expuesta en la cabeza.<\/p>\n<p>Los heridos fueron atendidos en el Hospital Regional y el Hospital Santa Mar\u00eda del Socorro, de Ica, a unos 300 kil\u00f3metros al sur de Lima.<\/p>\n<p>La emisora RPP agreg\u00f3 que el jefe de la Oficina Defensorial de Ica, Jorge Hern\u00e1ndez, confirm\u00f3 que uno de los efectivos de la Polic\u00eda tuvo que ser intervenido por \u00abfuertes golpes y cortes en la cabeza\u00bb, al parecer causados por el impacto de una piedra.<\/p>\n<p>Con informaci\u00f3n de EFE.<\/p>\n","protected":false},"excerpt":{"rendered":"<p>La Defensor\u00eda del Pueblo de Per\u00fa confirm\u00f3 este mi\u00e9rcoles la muerte de un beb\u00e9 de un a\u00f1o en Cuzco por hechos vinculados al bloqueo de carreteras por las protestas antigubernamentales, lo que elev\u00f3 a 63 el total de v\u00edctimas desde que comenz\u00f3 el estallido social en diciembre pasado. Seg\u00fan el \u00faltimo reporte del organismo, el [&hellip;]<\/p>\n","protected":false},"author":19,"featured_media":237299,"comment_status":"closed","ping_status":"closed","sticky":false,"template":"","format":"standard","meta":{"footnotes":""},"categories":[8],"tags":[],"class_list":{"0":"post-237298","1":"post","2":"type-post","3":"status-publish","4":"format-standard","5":"has-post-thumbnail","7":"category-internacionales"},"_links":{"self":[{"href":"https:\/\/elluchador.info\/index.php?rest_route=\/wp\/v2\/posts\/237298","targetHints":{"allow":["GET"]}}],"collection":[{"href":"https:\/\/elluchador.info\/index.php?rest_route=\/wp\/v2\/posts"}],"about":[{"href":"https:\/\/elluchador.info\/index.php?rest_route=\/wp\/v2\/types\/post"}],"author":[{"embeddable":true,"href":"https:\/\/elluchador.info\/index.php?rest_route=\/wp\/v2\/users\/19"}],"replies":[{"embeddable":true,"href":"https:\/\/elluchador.info\/index.php?rest_route=%2Fwp%2Fv2%2Fcomments&post=237298"}],"version-history":[{"count":1,"href":"https:\/\/elluchador.info\/index.php?rest_route=\/wp\/v2\/posts\/237298\/revisions"}],"predecessor-version":[{"id":237300,"href":"https:\/\/elluchador.info\/index.php?rest_route=\/wp\/v2\/posts\/237298\/revisions\/237300"}],"wp:featuredmedia":[{"embeddable":true,"href":"https:\/\/elluchador.info\/index.php?rest_route=\/wp\/v2\/media\/237299"}],"wp:attachment":[{"href":"https:\/\/elluchador.info\/index.php?rest_route=%2Fwp%2Fv2%2Fmedia&parent=237298"}],"wp:term":[{"taxonomy":"category","embeddable":true,"href":"https:\/\/elluchador.info\/index.php?rest_route=%2Fwp%2Fv2%2Fcategories&post=237298"},{"taxonomy":"post_tag","embeddable":true,"href":"https:\/\/elluchador.info\/index.php?rest_route=%2Fwp%2Fv2%2Ftags&post=237298"}],"curies":[{"name":"wp","href":"https:\/\/api.w.org\/{rel}","templated":true}]}}