{"id":237301,"date":"2023-01-26T09:45:00","date_gmt":"2023-01-26T13:45:00","guid":{"rendered":"https:\/\/elluchador.info\/web\/?p=237301"},"modified":"2023-01-26T09:45:00","modified_gmt":"2023-01-26T13:45:00","slug":"onu-quiere-que-derechos-de-victimas-sea-central-en-paz-entre-eln-y-colombia","status":"publish","type":"post","link":"https:\/\/elluchador.info\/?p=237301","title":{"rendered":"ONU quiere que derechos de v\u00edctimas sea central en paz entre ELN y Colombia"},"content":{"rendered":"<p>El alto comisionado de la ONU para los Derechos Humanos, Volker T\u00fcrk, mostr\u00f3 desde Colombia su \u00abtotal apoyo\u00bb a las actuales negociaciones con los grupos armados.<\/p>\n<p>T\u00fcrk que abogar\u00e1 en las conversaciones con la guerrilla del Ej\u00e9rcito de Liberaci\u00f3n Nacional (ELN) para que los derechos de las v\u00edctimas sean tomados en cuenta.<\/p>\n<p>\u00abApoyamos completamente las actuales negociaciones; sabemos lo dif\u00edcil que es, nunca es f\u00e1cil hacer la paz y desafortunadamente es muy f\u00e1cil hacer la guerra\u00bb, dijo el alto comisionado en una rueda de prensa en Bogot\u00e1.<\/p>\n<p>De ese modo, quiere ser \u00abuna voz fuerte\u00bb de las comunidades m\u00e1s afectadas por el conflicto durante las negociaciones, pues para ellos \u00abes muy importante asegurarnos que los derechos de las v\u00edctimas se tengan en cuenta en estas negociaciones\u00ab.<\/p>\n<p>\u00abEl Gobierno puede contar con la experiencia de mi oficina para acompa\u00f1ar las negociaciones y para asesorar en asuntos de derechos humanos, en particular de los derechos de las v\u00edctimas\u00bb, apunt\u00f3 el representante de la ONU.<\/p>\n<p>Con informaci\u00f3n de EFE.<\/p>\n","protected":false},"excerpt":{"rendered":"<p>El alto comisionado de la ONU para los Derechos Humanos, Volker T\u00fcrk, mostr\u00f3 desde Colombia su \u00abtotal apoyo\u00bb a las actuales negociaciones con los grupos armados. T\u00fcrk que abogar\u00e1 en las conversaciones con la guerrilla del Ej\u00e9rcito de Liberaci\u00f3n Nacional (ELN) para que los derechos de las v\u00edctimas sean tomados en cuenta. \u00abApoyamos completamente las [&hellip;]<\/p>\n","protected":false},"author":19,"featured_media":237302,"comment_status":"closed","ping_status":"closed","sticky":false,"template":"","format":"standard","meta":{"footnotes":""},"categories":[8],"tags":[],"class_list":{"0":"post-237301","1":"post","2":"type-post","3":"status-publish","4":"format-standard","5":"has-post-thumbnail","7":"category-internacionales"},"_links":{"self":[{"href":"https:\/\/elluchador.info\/index.php?rest_route=\/wp\/v2\/posts\/237301","targetHints":{"allow":["GET"]}}],"collection":[{"href":"https:\/\/elluchador.info\/index.php?rest_route=\/wp\/v2\/posts"}],"about":[{"href":"https:\/\/elluchador.info\/index.php?rest_route=\/wp\/v2\/types\/post"}],"author":[{"embeddable":true,"href":"https:\/\/elluchador.info\/index.php?rest_route=\/wp\/v2\/users\/19"}],"replies":[{"embeddable":true,"href":"https:\/\/elluchador.info\/index.php?rest_route=%2Fwp%2Fv2%2Fcomments&post=237301"}],"version-history":[{"count":1,"href":"https:\/\/elluchador.info\/index.php?rest_route=\/wp\/v2\/posts\/237301\/revisions"}],"predecessor-version":[{"id":237303,"href":"https:\/\/elluchador.info\/index.php?rest_route=\/wp\/v2\/posts\/237301\/revisions\/237303"}],"wp:featuredmedia":[{"embeddable":true,"href":"https:\/\/elluchador.info\/index.php?rest_route=\/wp\/v2\/media\/237302"}],"wp:attachment":[{"href":"https:\/\/elluchador.info\/index.php?rest_route=%2Fwp%2Fv2%2Fmedia&parent=237301"}],"wp:term":[{"taxonomy":"category","embeddable":true,"href":"https:\/\/elluchador.info\/index.php?rest_route=%2Fwp%2Fv2%2Fcategories&post=237301"},{"taxonomy":"post_tag","embeddable":true,"href":"https:\/\/elluchador.info\/index.php?rest_route=%2Fwp%2Fv2%2Ftags&post=237301"}],"curies":[{"name":"wp","href":"https:\/\/api.w.org\/{rel}","templated":true}]}}