{"id":237304,"date":"2023-01-26T10:17:09","date_gmt":"2023-01-26T14:17:09","guid":{"rendered":"https:\/\/elluchador.info\/web\/?p=237304"},"modified":"2023-01-26T10:17:09","modified_gmt":"2023-01-26T14:17:09","slug":"jefe-de-la-onu-pide-se-investiguen-muertes-en-peru-y-no-estigmatizar-victimas","status":"publish","type":"post","link":"https:\/\/elluchador.info\/?p=237304","title":{"rendered":"Jefe de la ONU pide se investiguen muertes en Per\u00fa y no estigmatizar v\u00edctimas"},"content":{"rendered":"<p>El secretario general de la ONU, Ant\u00f3nio Guterres, pidi\u00f3 este mi\u00e9rcoles a las autoridades peruanas \u00abque lleven a cabo investigaciones r\u00e1pidas, efectivas e imparciales\u00bb de las muertes registradas en las protestas en el pa\u00eds, que duran ya varias semanas.<\/p>\n<p>En el mensaje emitido esta noche por su portavoz, pidi\u00f3 adem\u00e1s \u00abque se evite la estigmatizaci\u00f3n de las v\u00edctimas\u00bb, adem\u00e1s de reiterar su \u00abgran preocupaci\u00f3n\u00bb por la situaci\u00f3n en el pa\u00eds y por el n\u00famero de muertes producidas.<\/p>\n<p>Solicito adem\u00e1s espec\u00edficamente a las autoridades \u00abque cumplan con sus compromisos internacionales en materia de derechos humanos\u00bb, y reitero que las medidas de suspensi\u00f3n del derecho de reuni\u00f3n pac\u00edfica \u00abdeben limitarse a lo estrictamente requerido por la situaci\u00f3n y ser coherentes con otras obligaciones del derecho internacional\u00bb.<\/p>\n<p>El llamamiento de Guterres contiene adem\u00e1s una frase que parece dirigida a los manifestantes, cuando dice que \u00ablas protestas deben desarrollarse de manera pac\u00edfica, respetando el derecho a la vida y a la protesta.<\/p>\n<p>El Secretario General subraya igualmente que es fundamental \u00abgenerar las condiciones para un di\u00e1logo significativo e inclusivo\u00bb que permita abordar la crisis actual.<\/p>\n<p>Hasta la fecha, seg\u00fan datos de la Defensor\u00eda del pueblo peruana, 46 personas que participaban en las protestas han fallecido en los enfrentamientos, mientras que un polic\u00eda muri\u00f3 tras ser quemado vivo por manifestantes.<\/p>\n<p>A estas v\u00edctimas, se suman ahora diez decesos en sucesos relacionados con los bloqueos de carreteras y una muerte ocurrida en la norte\u00f1a regi\u00f3n de La Libertad, confirmada por la Polic\u00eda.<\/p>\n<p>Asimismo, la Oficina del Alto Comisionado de las Naciones Unidas para los Refugiados (Acnur) report\u00f3 la muerte de cuatro haitianos que no pudieron recibir asistencia m\u00e9dica por los bloqueos de carreteras, adem\u00e1s de un beb\u00e9 nonato confirmado por Unicef.<\/p>\n<p>Con informaci\u00f3n de EFE.<\/p>\n","protected":false},"excerpt":{"rendered":"<p>El secretario general de la ONU, Ant\u00f3nio Guterres, pidi\u00f3 este mi\u00e9rcoles a las autoridades peruanas \u00abque lleven a cabo investigaciones r\u00e1pidas, efectivas e imparciales\u00bb de las muertes registradas en las protestas en el pa\u00eds, que duran ya varias semanas. En el mensaje emitido esta noche por su portavoz, pidi\u00f3 adem\u00e1s \u00abque se evite la estigmatizaci\u00f3n [&hellip;]<\/p>\n","protected":false},"author":19,"featured_media":237305,"comment_status":"closed","ping_status":"closed","sticky":false,"template":"","format":"standard","meta":{"footnotes":""},"categories":[8],"tags":[],"class_list":{"0":"post-237304","1":"post","2":"type-post","3":"status-publish","4":"format-standard","5":"has-post-thumbnail","7":"category-internacionales"},"_links":{"self":[{"href":"https:\/\/elluchador.info\/index.php?rest_route=\/wp\/v2\/posts\/237304","targetHints":{"allow":["GET"]}}],"collection":[{"href":"https:\/\/elluchador.info\/index.php?rest_route=\/wp\/v2\/posts"}],"about":[{"href":"https:\/\/elluchador.info\/index.php?rest_route=\/wp\/v2\/types\/post"}],"author":[{"embeddable":true,"href":"https:\/\/elluchador.info\/index.php?rest_route=\/wp\/v2\/users\/19"}],"replies":[{"embeddable":true,"href":"https:\/\/elluchador.info\/index.php?rest_route=%2Fwp%2Fv2%2Fcomments&post=237304"}],"version-history":[{"count":1,"href":"https:\/\/elluchador.info\/index.php?rest_route=\/wp\/v2\/posts\/237304\/revisions"}],"predecessor-version":[{"id":237306,"href":"https:\/\/elluchador.info\/index.php?rest_route=\/wp\/v2\/posts\/237304\/revisions\/237306"}],"wp:featuredmedia":[{"embeddable":true,"href":"https:\/\/elluchador.info\/index.php?rest_route=\/wp\/v2\/media\/237305"}],"wp:attachment":[{"href":"https:\/\/elluchador.info\/index.php?rest_route=%2Fwp%2Fv2%2Fmedia&parent=237304"}],"wp:term":[{"taxonomy":"category","embeddable":true,"href":"https:\/\/elluchador.info\/index.php?rest_route=%2Fwp%2Fv2%2Fcategories&post=237304"},{"taxonomy":"post_tag","embeddable":true,"href":"https:\/\/elluchador.info\/index.php?rest_route=%2Fwp%2Fv2%2Ftags&post=237304"}],"curies":[{"name":"wp","href":"https:\/\/api.w.org\/{rel}","templated":true}]}}