{"id":237307,"date":"2023-01-26T10:22:53","date_gmt":"2023-01-26T14:22:53","guid":{"rendered":"https:\/\/elluchador.info\/web\/?p=237307"},"modified":"2023-01-26T10:22:53","modified_gmt":"2023-01-26T14:22:53","slug":"alto-comisionado-de-la-onu-conversara-sobre-ddhh-en-venezuela","status":"publish","type":"post","link":"https:\/\/elluchador.info\/?p=237307","title":{"rendered":"Alto Comisionado de la ONU conversar\u00e1 sobre DDHH en Venezuela"},"content":{"rendered":"<p>El alto comisionado de la ONU para los DDHH, Volker T\u00fcrk, llegar\u00e1 este jueves a Venezuela desde Colombia para hablar con diversos sectores sobre derechos humanos en el pa\u00eds.<\/p>\n<p>\u00abEs muy importante para m\u00ed hablar con el Gobierno, con los grupos de la sociedad civil, con defensores de derechos humanos, con la oposici\u00f3n sobre diversos asuntos de derechos humanos en Venezuela\u00bb, dijo T\u00fcrk durante una rueda de prensa al finalizar su visita a Colombia.<\/p>\n<p>De esta forma, el alto comisionado decide incluir a Venezuela, en su primer viaje a Latinoam\u00e9rica, durante el cual tambi\u00e9n ha visitado Ecuador.<\/p>\n<p>Seg\u00fan el alto comisionado, que no dio mayores detalles sobre el viaje, la agenda ni su duraci\u00f3n, es su \u00ablabor llevar asuntos de derechos humanos al Gobierno y asegurarse que se discute sobre ello\u00bb.<\/p>\n<p>Con informaci\u00f3n de EFE.<\/p>\n","protected":false},"excerpt":{"rendered":"<p>El alto comisionado de la ONU para los DDHH, Volker T\u00fcrk, llegar\u00e1 este jueves a Venezuela desde Colombia para hablar con diversos sectores sobre derechos humanos en el pa\u00eds. \u00abEs muy importante para m\u00ed hablar con el Gobierno, con los grupos de la sociedad civil, con defensores de derechos humanos, con la oposici\u00f3n sobre diversos [&hellip;]<\/p>\n","protected":false},"author":19,"featured_media":237308,"comment_status":"closed","ping_status":"closed","sticky":false,"template":"","format":"standard","meta":{"footnotes":""},"categories":[9],"tags":[],"class_list":{"0":"post-237307","1":"post","2":"type-post","3":"status-publish","4":"format-standard","5":"has-post-thumbnail","7":"category-nacionales"},"_links":{"self":[{"href":"https:\/\/elluchador.info\/index.php?rest_route=\/wp\/v2\/posts\/237307","targetHints":{"allow":["GET"]}}],"collection":[{"href":"https:\/\/elluchador.info\/index.php?rest_route=\/wp\/v2\/posts"}],"about":[{"href":"https:\/\/elluchador.info\/index.php?rest_route=\/wp\/v2\/types\/post"}],"author":[{"embeddable":true,"href":"https:\/\/elluchador.info\/index.php?rest_route=\/wp\/v2\/users\/19"}],"replies":[{"embeddable":true,"href":"https:\/\/elluchador.info\/index.php?rest_route=%2Fwp%2Fv2%2Fcomments&post=237307"}],"version-history":[{"count":1,"href":"https:\/\/elluchador.info\/index.php?rest_route=\/wp\/v2\/posts\/237307\/revisions"}],"predecessor-version":[{"id":237309,"href":"https:\/\/elluchador.info\/index.php?rest_route=\/wp\/v2\/posts\/237307\/revisions\/237309"}],"wp:featuredmedia":[{"embeddable":true,"href":"https:\/\/elluchador.info\/index.php?rest_route=\/wp\/v2\/media\/237308"}],"wp:attachment":[{"href":"https:\/\/elluchador.info\/index.php?rest_route=%2Fwp%2Fv2%2Fmedia&parent=237307"}],"wp:term":[{"taxonomy":"category","embeddable":true,"href":"https:\/\/elluchador.info\/index.php?rest_route=%2Fwp%2Fv2%2Fcategories&post=237307"},{"taxonomy":"post_tag","embeddable":true,"href":"https:\/\/elluchador.info\/index.php?rest_route=%2Fwp%2Fv2%2Ftags&post=237307"}],"curies":[{"name":"wp","href":"https:\/\/api.w.org\/{rel}","templated":true}]}}