{"id":237310,"date":"2023-01-26T10:26:09","date_gmt":"2023-01-26T14:26:09","guid":{"rendered":"https:\/\/elluchador.info\/web\/?p=237310"},"modified":"2023-01-26T10:26:09","modified_gmt":"2023-01-26T14:26:09","slug":"congresistas-presentan-mocion-de-vacancia-contra-la-presidenta-peruana","status":"publish","type":"post","link":"https:\/\/elluchador.info\/?p=237310","title":{"rendered":"Congresistas presentan moci\u00f3n de vacancia contra la presidenta peruana"},"content":{"rendered":"<p>Un grupo de congresistas presentaron este mi\u00e9rcoles una moci\u00f3n de vacancia contra la presidenta designada de Per\u00fa, Dina Boluarte, por incapacidad moral.<\/p>\n<p>Esta iniciativa, presentada por la legisladora Nieves Limachi de Per\u00fa Democr\u00e1tico y respaldada por otros parlamentarios, surge en el marco de las protestas registradas en varias regiones del pa\u00eds para exigir la renuncia de Boluarte, as\u00ed como de las fuertes represiones por parte de las fuerzas de seguridad contra las movilizaciones.<\/p>\n<p>Entre los fundamentos de esta moci\u00f3n de vacancia est\u00e1n las manifestaciones realizadas contra el Gobierno peruano, por el adelanto de elecciones generales, una Asamblea Constituyente y la libertad del expresidente Pedro Castillo.<\/p>\n<p>Otro punto que refiere el documento es que \u00abnuestro pa\u00eds est\u00e1 siendo desangrado por el p\u00e9simo manejo gubernamental y de las fuerzas de orden que lidera la se\u00f1ora Boluarte Zegarra\u00bb.<\/p>\n<p>Adem\u00e1s, los congresistas indicaron que Boluarte es una de las principales culpables de la situaci\u00f3n que se vive en esa naci\u00f3n, \u00abquien a ojos del mundo ha demostrado no tener ning\u00fan \u00e1pice de sensibilidad humana con los pueblos de nuestro pa\u00eds\u00bb.<\/p>\n<p>La declaraci\u00f3n de \u00abpermanente incapacidad moral de la presidenta de la rep\u00fablica\u00bb lo plantean de acuerdo con lo previsto en el art\u00edculo 113.2 de la Constituci\u00f3n Pol\u00edtica del Per\u00fa.<\/p>\n<p>Esta es la primera moci\u00f3n de vacancia presentada contra Boluarte en el Congreso. Son necesarios 66 votos para que sea admitida a tr\u00e1mite y despu\u00e9s 87 para la destituci\u00f3n.<\/p>\n<p>Protestas contra Dina Boluarte<\/p>\n<p>En Lima, manifestantes protestaron frente a la Embajada de Estados Unidos (EEUU) en el pa\u00eds, haciendo un plant\u00f3 para expresar sus demandas y exigir justicia por las v\u00edctimas de las represiones.<\/p>\n<p>Por su parte, la Defensor\u00eda de Per\u00fa inform\u00f3 que, seg\u00fan su \u00faltimo reporte, en esta jornada hubo unos 90 puntos de bloqueos en 30 provincias.<\/p>\n<p>Desde diciembre pasado se han registrado protestas en las regiones peruanas, tras la destituci\u00f3n de Castillo por parte del Congreso y la juramentaci\u00f3n de Boluarte en el cargo.<\/p>\n<p>La represi\u00f3n de las fuerzas de seguridad contra las manifestaciones ha dejado, hasta el momento, m\u00e1s de 60 fallecidos y cientos de heridos.<\/p>\n<p>Con informaci\u00f3n de teleSUR.<\/p>\n","protected":false},"excerpt":{"rendered":"<p>Un grupo de congresistas presentaron este mi\u00e9rcoles una moci\u00f3n de vacancia contra la presidenta designada de Per\u00fa, Dina Boluarte, por incapacidad moral. Esta iniciativa, presentada por la legisladora Nieves Limachi de Per\u00fa Democr\u00e1tico y respaldada por otros parlamentarios, surge en el marco de las protestas registradas en varias regiones del pa\u00eds para exigir la renuncia [&hellip;]<\/p>\n","protected":false},"author":19,"featured_media":237311,"comment_status":"closed","ping_status":"closed","sticky":false,"template":"","format":"standard","meta":{"footnotes":""},"categories":[8],"tags":[],"class_list":{"0":"post-237310","1":"post","2":"type-post","3":"status-publish","4":"format-standard","5":"has-post-thumbnail","7":"category-internacionales"},"_links":{"self":[{"href":"https:\/\/elluchador.info\/index.php?rest_route=\/wp\/v2\/posts\/237310","targetHints":{"allow":["GET"]}}],"collection":[{"href":"https:\/\/elluchador.info\/index.php?rest_route=\/wp\/v2\/posts"}],"about":[{"href":"https:\/\/elluchador.info\/index.php?rest_route=\/wp\/v2\/types\/post"}],"author":[{"embeddable":true,"href":"https:\/\/elluchador.info\/index.php?rest_route=\/wp\/v2\/users\/19"}],"replies":[{"embeddable":true,"href":"https:\/\/elluchador.info\/index.php?rest_route=%2Fwp%2Fv2%2Fcomments&post=237310"}],"version-history":[{"count":1,"href":"https:\/\/elluchador.info\/index.php?rest_route=\/wp\/v2\/posts\/237310\/revisions"}],"predecessor-version":[{"id":237312,"href":"https:\/\/elluchador.info\/index.php?rest_route=\/wp\/v2\/posts\/237310\/revisions\/237312"}],"wp:featuredmedia":[{"embeddable":true,"href":"https:\/\/elluchador.info\/index.php?rest_route=\/wp\/v2\/media\/237311"}],"wp:attachment":[{"href":"https:\/\/elluchador.info\/index.php?rest_route=%2Fwp%2Fv2%2Fmedia&parent=237310"}],"wp:term":[{"taxonomy":"category","embeddable":true,"href":"https:\/\/elluchador.info\/index.php?rest_route=%2Fwp%2Fv2%2Fcategories&post=237310"},{"taxonomy":"post_tag","embeddable":true,"href":"https:\/\/elluchador.info\/index.php?rest_route=%2Fwp%2Fv2%2Ftags&post=237310"}],"curies":[{"name":"wp","href":"https:\/\/api.w.org\/{rel}","templated":true}]}}