{"id":237313,"date":"2023-01-26T10:37:05","date_gmt":"2023-01-26T14:37:05","guid":{"rendered":"https:\/\/elluchador.info\/web\/?p=237313"},"modified":"2023-01-26T10:37:05","modified_gmt":"2023-01-26T14:37:05","slug":"ovidio-guzman-hijo-de-el-chapo-logra-una-suspension-definitiva-de-su-extradicion-a-eeuu","status":"publish","type":"post","link":"https:\/\/elluchador.info\/?p=237313","title":{"rendered":"Ovidio Guzm\u00e1n, hijo de &#8216;El Chapo&#8217;, logra una suspensi\u00f3n definitiva de su extradici\u00f3n a EEUU"},"content":{"rendered":"<p>Ovidio Guzm\u00e1n L\u00f3pez, hijo de Joaqu\u00edn &#8216;El Chapo&#8217; Guzm\u00e1n, obtuvo una suspensi\u00f3n definitiva en uno de los juicios que interpuso contra su entrega a EE.UU. Sin embargo, esto no paraliza su procedimiento de extradici\u00f3n a aquel pa\u00eds, que lo requiere para enfrentar acusaciones por tr\u00e1fico internacional de drogas.<\/p>\n<p>As\u00ed lo determin\u00f3 el juez Quinto de Distrito en Materia de Amparo y Juicios Federales, en el Estado de M\u00e9xico, en el penal de m\u00e1xima seguridad de El Altiplano, donde permanece recluido el presunto l\u00edder de la facci\u00f3n de Los Chapitos, del C\u00e1rtel de Sinaloa.<\/p>\n<p>De acuerdo con medios locales, a pesar de que la solicitud de Ovidio Guzm\u00e1n era cancelar completamente la orden de captura con fines de extradici\u00f3n, dictada el 25 de septiembre del 2019, el juez lo rechaz\u00f3 y dijo que le reviste el car\u00e1cter de \u00abconsumado\u00bb, es decir, irreparable despu\u00e9s de su detenci\u00f3n formal provisional.<\/p>\n<p>Lo anterior, debido a que al d\u00eda siguiente de su detenci\u00f3n, ocurrida el 5 de enero, se celebr\u00f3 la audiencia informativa de extradici\u00f3n, en la cual el juez de Control adscrito al Centro de Justicia Penal Federal, con residencia en Almoloya de Ju\u00e1rez, Estado de M\u00e9xico, decret\u00f3 su detenci\u00f3n formal de manera provisional.<\/p>\n<p>La suspensi\u00f3n definitiva que otorg\u00f3 el juez Quinto de Distrito es un freno temporal mientras se resuelve el juicio de amparo 63\/2023, que interpuso el hijo del &#8216;Chapo&#8217; para detener su extradici\u00f3n a EE.UU.<\/p>\n<p>Ser\u00e1 hasta el pr\u00f3ximo 20 de febrero cuando un juez defina si se cumplen los requisitos para la extradici\u00f3n de Guzm\u00e1n L\u00f3pez al pa\u00eds norteamericano. Pese a lo que determine el magistrado, la decisi\u00f3n final sobre la entrega del capo a EE.UU. depende de la Canciller\u00eda mexicana.<\/p>\n<p>&#8216;El Rat\u00f3n&#8217; fue recapturado por militares en el municipio de Jes\u00fas Mar\u00eda, en el estado de Culiac\u00e1n. El 17 de octubre de 2019 ya hab\u00eda sido detenido, pero c\u00e9lulas del C\u00e1rtel de Sinaloa provocaron una violenta respuesta contra las fuerzas de seguridad y la poblaci\u00f3n civil en la capital sinaloense, por lo que el Gobierno mexicano orden\u00f3 la liberaci\u00f3n del capo.<\/p>\n<p>Con informaci\u00f3n de Actualidad RT.<\/p>\n","protected":false},"excerpt":{"rendered":"<p>Ovidio Guzm\u00e1n L\u00f3pez, hijo de Joaqu\u00edn &#8216;El Chapo&#8217; Guzm\u00e1n, obtuvo una suspensi\u00f3n definitiva en uno de los juicios que interpuso contra su entrega a EE.UU. Sin embargo, esto no paraliza su procedimiento de extradici\u00f3n a aquel pa\u00eds, que lo requiere para enfrentar acusaciones por tr\u00e1fico internacional de drogas. As\u00ed lo determin\u00f3 el juez Quinto de [&hellip;]<\/p>\n","protected":false},"author":19,"featured_media":237314,"comment_status":"closed","ping_status":"closed","sticky":false,"template":"","format":"standard","meta":{"footnotes":""},"categories":[8],"tags":[],"class_list":{"0":"post-237313","1":"post","2":"type-post","3":"status-publish","4":"format-standard","5":"has-post-thumbnail","7":"category-internacionales"},"_links":{"self":[{"href":"https:\/\/elluchador.info\/index.php?rest_route=\/wp\/v2\/posts\/237313","targetHints":{"allow":["GET"]}}],"collection":[{"href":"https:\/\/elluchador.info\/index.php?rest_route=\/wp\/v2\/posts"}],"about":[{"href":"https:\/\/elluchador.info\/index.php?rest_route=\/wp\/v2\/types\/post"}],"author":[{"embeddable":true,"href":"https:\/\/elluchador.info\/index.php?rest_route=\/wp\/v2\/users\/19"}],"replies":[{"embeddable":true,"href":"https:\/\/elluchador.info\/index.php?rest_route=%2Fwp%2Fv2%2Fcomments&post=237313"}],"version-history":[{"count":1,"href":"https:\/\/elluchador.info\/index.php?rest_route=\/wp\/v2\/posts\/237313\/revisions"}],"predecessor-version":[{"id":237315,"href":"https:\/\/elluchador.info\/index.php?rest_route=\/wp\/v2\/posts\/237313\/revisions\/237315"}],"wp:featuredmedia":[{"embeddable":true,"href":"https:\/\/elluchador.info\/index.php?rest_route=\/wp\/v2\/media\/237314"}],"wp:attachment":[{"href":"https:\/\/elluchador.info\/index.php?rest_route=%2Fwp%2Fv2%2Fmedia&parent=237313"}],"wp:term":[{"taxonomy":"category","embeddable":true,"href":"https:\/\/elluchador.info\/index.php?rest_route=%2Fwp%2Fv2%2Fcategories&post=237313"},{"taxonomy":"post_tag","embeddable":true,"href":"https:\/\/elluchador.info\/index.php?rest_route=%2Fwp%2Fv2%2Ftags&post=237313"}],"curies":[{"name":"wp","href":"https:\/\/api.w.org\/{rel}","templated":true}]}}