{"id":237322,"date":"2023-01-26T10:49:21","date_gmt":"2023-01-26T14:49:21","guid":{"rendered":"https:\/\/elluchador.info\/web\/?p=237322"},"modified":"2023-01-26T10:49:21","modified_gmt":"2023-01-26T14:49:21","slug":"presidentes-maduro-y-diaz-canel-sostuvieron-encuentro-de-trabajo-en-maiquetia","status":"publish","type":"post","link":"https:\/\/elluchador.info\/?p=237322","title":{"rendered":"Presidentes Maduro y D\u00edaz-Canel sostuvieron encuentro de trabajo en Maiquet\u00eda"},"content":{"rendered":"<p>El presidente de Cuba, Miguel D\u00edaz-Canel, aterriz\u00f3 este mi\u00e9rcoles en Venezuela, para reunirse con su hom\u00f3logo, Nicol\u00e1s Maduro, y as\u00ed \u00abcontinuar debatiendo y profundizando las l\u00edneas estrat\u00e9gicas y de cooperaci\u00f3n entre ambas naciones\u00bb.<\/p>\n<p>El mandatario cubano, cuya visita no hab\u00eda sido anunciada, fue recibido con honores militares por el jefe de Estado venezolano y su esposa, la diputada Cilia Flores, en el aeropuerto internacional de Maiquet\u00eda Sim\u00f3n Bol\u00edvar, que sirve a Caracas, seg\u00fan las im\u00e1genes transmitidas por el canal estatal Venezolana de Televisi\u00f3n (VTV).<\/p>\n<p>Estaba previsto que los jefes de Estado coincidieran en Buenos Aires en la Cumbre de la Comunidad de Estados Latinoamericanos y Caribe\u00f1os (Celac), celebrada este martes, a la que finalmente Maduro no asisti\u00f3 debido a un \u00abplan de agresiones\u00bb en su contra, seg\u00fan denunci\u00f3 el Ejecutivo venezolano el pasado lunes.<\/p>\n<p>Se trata de la segunda visita oficial de D\u00edaz-Canel, como mandatario, a Venezuela, con la que, seg\u00fan el canal p\u00fablico, se ratifica \u00abel compromiso de avanzar en una agenda estrat\u00e9gica que permita favorecer y atender a ambos pueblos con pol\u00edticas p\u00fablicas\u00bb .<\/p>\n<p>El presidente cubano visit\u00f3 por primera vez Venezuela en mayo de 2018, poco tiempo despu\u00e9s de haber tomado posesi\u00f3n de su cargo, en el que relev\u00f3 a Ra\u00fal Castro.<\/p>\n<p>Con informaci\u00f3n de EFE.<\/p>\n","protected":false},"excerpt":{"rendered":"<p>El presidente de Cuba, Miguel D\u00edaz-Canel, aterriz\u00f3 este mi\u00e9rcoles en Venezuela, para reunirse con su hom\u00f3logo, Nicol\u00e1s Maduro, y as\u00ed \u00abcontinuar debatiendo y profundizando las l\u00edneas estrat\u00e9gicas y de cooperaci\u00f3n entre ambas naciones\u00bb. El mandatario cubano, cuya visita no hab\u00eda sido anunciada, fue recibido con honores militares por el jefe de Estado venezolano y su [&hellip;]<\/p>\n","protected":false},"author":19,"featured_media":237323,"comment_status":"closed","ping_status":"closed","sticky":false,"template":"","format":"standard","meta":{"footnotes":""},"categories":[9],"tags":[],"class_list":{"0":"post-237322","1":"post","2":"type-post","3":"status-publish","4":"format-standard","5":"has-post-thumbnail","7":"category-nacionales"},"_links":{"self":[{"href":"https:\/\/elluchador.info\/index.php?rest_route=\/wp\/v2\/posts\/237322","targetHints":{"allow":["GET"]}}],"collection":[{"href":"https:\/\/elluchador.info\/index.php?rest_route=\/wp\/v2\/posts"}],"about":[{"href":"https:\/\/elluchador.info\/index.php?rest_route=\/wp\/v2\/types\/post"}],"author":[{"embeddable":true,"href":"https:\/\/elluchador.info\/index.php?rest_route=\/wp\/v2\/users\/19"}],"replies":[{"embeddable":true,"href":"https:\/\/elluchador.info\/index.php?rest_route=%2Fwp%2Fv2%2Fcomments&post=237322"}],"version-history":[{"count":1,"href":"https:\/\/elluchador.info\/index.php?rest_route=\/wp\/v2\/posts\/237322\/revisions"}],"predecessor-version":[{"id":237324,"href":"https:\/\/elluchador.info\/index.php?rest_route=\/wp\/v2\/posts\/237322\/revisions\/237324"}],"wp:featuredmedia":[{"embeddable":true,"href":"https:\/\/elluchador.info\/index.php?rest_route=\/wp\/v2\/media\/237323"}],"wp:attachment":[{"href":"https:\/\/elluchador.info\/index.php?rest_route=%2Fwp%2Fv2%2Fmedia&parent=237322"}],"wp:term":[{"taxonomy":"category","embeddable":true,"href":"https:\/\/elluchador.info\/index.php?rest_route=%2Fwp%2Fv2%2Fcategories&post=237322"},{"taxonomy":"post_tag","embeddable":true,"href":"https:\/\/elluchador.info\/index.php?rest_route=%2Fwp%2Fv2%2Ftags&post=237322"}],"curies":[{"name":"wp","href":"https:\/\/api.w.org\/{rel}","templated":true}]}}