{"id":237335,"date":"2023-01-26T11:38:46","date_gmt":"2023-01-26T15:38:46","guid":{"rendered":"https:\/\/elluchador.info\/web\/?p=237335"},"modified":"2023-01-26T11:38:46","modified_gmt":"2023-01-26T15:38:46","slug":"comision-de-economia-de-la-an-visitara-sidor","status":"publish","type":"post","link":"https:\/\/elluchador.info\/?p=237335","title":{"rendered":"Comisi\u00f3n de Econom\u00eda de la AN visitar\u00e1 Sidor"},"content":{"rendered":"<p>El presidente de la Comisi\u00f3n Permanente de Econom\u00eda, Finanzas y Desarrollo de la Asamblea Nacional (AN), diputado Jes\u00fas Far\u00eda, anunci\u00f3 que la pr\u00f3xima semana visitar\u00e1 la empresa Sider\u00fargica del Orinoco \u00abAlfredo Maneiro\u00bb (Sidor) en compa\u00f1\u00eda de la clase obrera organizada.<\/p>\n<p>Estas declaraciones las realiz\u00f3 el parlamentario durante la reuni\u00f3n ordinaria de la comisi\u00f3n, donde se reuni\u00f3 con voceros del movimiento obrero sindical venezolano, quienes alzaron su voz contra el bloqueo y el impacto de las sanciones unilaterales del gobierno de Washington hacia la econom\u00eda y condiciones de vida del pueblo trabajador de Venezuela.<\/p>\n<p>Apunt\u00f3 que desde el Parlamento Nacional responder\u00e1n a estas medidas criminales con acciones legislativas y pol\u00edticas que contribuir\u00e1n al desarrollo de las fuerzas productivas del pa\u00eds en lo local, regional y estadal.<\/p>\n<p>Por otro lado, Far\u00eda explic\u00f3 que el incremento del salario no depende de una ley o decreto y que la instancia parlamentaria se reunir\u00e1 de forma permanente con los trabajadores para discutir leyes que tengan un impacto directo en la cotidianidad, para mejorar la calidad de vida del pueblo, en el intercambio directo con los trabajadores.<\/p>\n<p>Sostuvo que el Gobierno del presidente Nicol\u00e1s Maduro ha realizado un enorme esfuerzo por atender las necesidades de los trabajadores, a trav\u00e9s de la recuperaci\u00f3n de la econom\u00eda nacional, que ha tenido claras tendencias de recuperaci\u00f3n productiva, estabilidad macroecon\u00f3mica y solvencia.<\/p>\n<p>Considera que el principal obst\u00e1culo para lograr un equilibrio en las condiciones de vida de los trabajadores es el bloqueo que impone el gobierno norteamericano contra el pueblo, que sigue resistiendo y derrotando sus consecuencias sobre los salarios.<\/p>\n<p>Adem\u00e1s, el presidente de la Comisi\u00f3n Permanente de Econom\u00eda, Finanzas y Desarrollo de la AN, reconoci\u00f3 el talento, capacidad, habilidad, experiencia, lealtad y compromiso de los trabajadores petroleros, as\u00ed como el hero\u00edsmo y organizaci\u00f3n de la clase obrera de Sidor, y aclar\u00f3 que la \u00fanica v\u00eda para resolver los grandes problemas de la naci\u00f3n es con el Gobierno Bolivariano.<\/p>\n<p>Mostr\u00f3 su apoyo al jefe de Estado, Nicol\u00e1s Maduro, en la creaci\u00f3n de una moneda com\u00fan en Suram\u00e9rica, y record\u00f3 que fue el Comandante Eterno Hugo Ch\u00e1vez quien impuls\u00f3 la iniciativa. Sostuvo que el d\u00f3lar es un atentado y un gran obst\u00e1culo para el desarrollo de las naciones a largo plazo, por lo que insisti\u00f3 en la creaci\u00f3n de un nuevo orden mundial financiero y econ\u00f3mico.<\/p>\n<p>Por su parte, el presidente de la Central Bolivariana Socialista de Trabajadores y Trabajadoras de la Ciudad, el Campo y la Pesca, diputado Wills Rangel, expres\u00f3 que debatieron con la comisi\u00f3n un plan de acci\u00f3n sobre el salario social integral, vivienda, educaci\u00f3n, salud, esparcimiento para mejorar la calidad de vida de los trabajadores.<\/p>\n<p>Como alternativa a la situaci\u00f3n econ\u00f3mica que atraviesa Venezuela, proponen crear un banco digital y un fondo macroecon\u00f3mico para la estabilizaci\u00f3n del salario y prestaciones sociales para los trabajadores y trabajadoras que permita obtener cr\u00e9ditos y fortalecer la econom\u00eda familiar.<\/p>\n<p><strong>AN<\/strong><\/p>\n<p>&nbsp;<\/p>\n","protected":false},"excerpt":{"rendered":"<p>El presidente de la Comisi\u00f3n Permanente de Econom\u00eda, Finanzas y Desarrollo de la Asamblea Nacional (AN), diputado Jes\u00fas Far\u00eda, anunci\u00f3 que la pr\u00f3xima semana visitar\u00e1 la empresa Sider\u00fargica del Orinoco \u00abAlfredo Maneiro\u00bb (Sidor) en compa\u00f1\u00eda de la clase obrera organizada. Estas declaraciones las realiz\u00f3 el parlamentario durante la reuni\u00f3n ordinaria de la comisi\u00f3n, donde se [&hellip;]<\/p>\n","protected":false},"author":33,"featured_media":237336,"comment_status":"closed","ping_status":"closed","sticky":false,"template":"","format":"standard","meta":{"footnotes":""},"categories":[6,9],"tags":[],"class_list":{"0":"post-237335","1":"post","2":"type-post","3":"status-publish","4":"format-standard","5":"has-post-thumbnail","7":"category-economia","8":"category-nacionales"},"_links":{"self":[{"href":"https:\/\/elluchador.info\/index.php?rest_route=\/wp\/v2\/posts\/237335","targetHints":{"allow":["GET"]}}],"collection":[{"href":"https:\/\/elluchador.info\/index.php?rest_route=\/wp\/v2\/posts"}],"about":[{"href":"https:\/\/elluchador.info\/index.php?rest_route=\/wp\/v2\/types\/post"}],"author":[{"embeddable":true,"href":"https:\/\/elluchador.info\/index.php?rest_route=\/wp\/v2\/users\/33"}],"replies":[{"embeddable":true,"href":"https:\/\/elluchador.info\/index.php?rest_route=%2Fwp%2Fv2%2Fcomments&post=237335"}],"version-history":[{"count":1,"href":"https:\/\/elluchador.info\/index.php?rest_route=\/wp\/v2\/posts\/237335\/revisions"}],"predecessor-version":[{"id":237337,"href":"https:\/\/elluchador.info\/index.php?rest_route=\/wp\/v2\/posts\/237335\/revisions\/237337"}],"wp:featuredmedia":[{"embeddable":true,"href":"https:\/\/elluchador.info\/index.php?rest_route=\/wp\/v2\/media\/237336"}],"wp:attachment":[{"href":"https:\/\/elluchador.info\/index.php?rest_route=%2Fwp%2Fv2%2Fmedia&parent=237335"}],"wp:term":[{"taxonomy":"category","embeddable":true,"href":"https:\/\/elluchador.info\/index.php?rest_route=%2Fwp%2Fv2%2Fcategories&post=237335"},{"taxonomy":"post_tag","embeddable":true,"href":"https:\/\/elluchador.info\/index.php?rest_route=%2Fwp%2Fv2%2Ftags&post=237335"}],"curies":[{"name":"wp","href":"https:\/\/api.w.org\/{rel}","templated":true}]}}