{"id":237341,"date":"2023-01-26T11:50:44","date_gmt":"2023-01-26T15:50:44","guid":{"rendered":"https:\/\/elluchador.info\/web\/?p=237341"},"modified":"2023-01-26T11:50:44","modified_gmt":"2023-01-26T15:50:44","slug":"an-iniciara-consulta-sobre-ley-de-las-ong","status":"publish","type":"post","link":"https:\/\/elluchador.info\/?p=237341","title":{"rendered":"AN iniciar\u00e1 consulta sobre Ley de las ONG"},"content":{"rendered":"<p>La Asamblea Nacional (AN) iniciar\u00e1 este viernes, en el marco del parlamentarismo de calle, la discusi\u00f3n del proyecto de Ley de Fiscalizaci\u00f3n, Regularizaci\u00f3n, Actuaci\u00f3n y Financiamientos de las Organizaciones no Gubernamentales (ONG).<\/p>\n<p>As\u00ed lo inform\u00f3 este mi\u00e9rcoles el presidente de la instancia parlamentaria, diputado Pedro Carre\u00f1o, quien precis\u00f3 que la consulta iniciar\u00e1 tambi\u00e9n de forma virtual en el Distrito<\/p>\n<p>Capital, estado Miranda y en otras ocho entidades y el s\u00e1bado se realizar\u00e1 en el resto del pa\u00eds para completar el primer despliegue territorial.<\/p>\n<p>El parlamentario explic\u00f3 que se utilizar\u00e1 un instructivo de recolecci\u00f3n de datos de las propuestas, se reunir\u00e1n en mesas de trabajo y tendr\u00e1n documentaci\u00f3n e insumos sobre las ONG registradas. Reiter\u00f3 que el proyecto contiene 17 art\u00edculos y una disposici\u00f3n transitoria, donde aborda el tema bas\u00e1ndose en el art\u00edculo 52 de la Constituci\u00f3n, que instituye el derecho de las personas de asociarse con fines l\u00edcitos.<\/p>\n<p>Indic\u00f3 que el proyecto establece la obligaci\u00f3n de registrar las ONG ante el ente competente en materia de registros y notar\u00edas (art\u00edculo 10), que desarrollar\u00e1 un registro nacional \u201cque contendr\u00e1 un asiento sistematizado y actualizado de la informaci\u00f3n relativa a la creaci\u00f3n, funcionamiento, financiamiento y modificaci\u00f3n de estas organizaciones\u201d.<\/p>\n<p>Tambi\u00e9n se establece que una vez obtenida la personalidad jur\u00eddica, o sean habilitadas para funcionar en el territorio nacional, las ONG quedan obligadas a declarar con fines de registro el inventario de bienes al momento de constituirse y su actualizaci\u00f3n anual con expresa determinaci\u00f3n de las fuentes.<\/p>\n<p>Deben declarar igualmente balances contables, estados financieros y los libros que sigan, as\u00ed como actas de asambleas ordinarias y extraordinarias, relaci\u00f3n de donaciones recibidas con plena identificaci\u00f3n de los donantes, indicando si son nacionales o extranjeros, accidentales o permanentes.<\/p>\n<p>Asimismo, deben declarar modificaciones de estatutos, nombramientos y ceses de los miembros, de los administradores, liquidadores, auditores y secretarios, los poderes generales y delegaciones de facultades, la apertura y cierre de sedes, la inactividad mayor de seis meses, la modificaci\u00f3n, ampliaci\u00f3n o reducci\u00f3n del objeto social y de pr\u00f3rroga y extinci\u00f3n de la organizaci\u00f3n.<\/p>\n<p>Denunci\u00f3 que las ONG se mutaron en instituciones pol\u00edticas que utilizan la democracia, la gobernabilidad y los derechos humanos como fachada para crear desestabilizaci\u00f3n.<\/p>\n<p>Finalmente, Carre\u00f1o explic\u00f3 que la comisi\u00f3n tendr\u00e1 30 d\u00edas continuos para activar la consulta p\u00fablica y subray\u00f3 que, en caso de no lograr cumplir una amplia participaci\u00f3n, se solicitar\u00e1 a la directiva de la Asamblea Nacional otra pr\u00f3rroga para tal fin. Agreg\u00f3 que la responsable del despliegue ser\u00e1 la diputada Rodbexa Poleo.<\/p>\n<p>Con informaci\u00f3n de ultimasnoticias.com.ve<\/p>\n","protected":false},"excerpt":{"rendered":"<p>La Asamblea Nacional (AN) iniciar\u00e1 este viernes, en el marco del parlamentarismo de calle, la discusi\u00f3n del proyecto de Ley de Fiscalizaci\u00f3n, Regularizaci\u00f3n, Actuaci\u00f3n y Financiamientos de las Organizaciones no Gubernamentales (ONG). As\u00ed lo inform\u00f3 este mi\u00e9rcoles el presidente de la instancia parlamentaria, diputado Pedro Carre\u00f1o, quien precis\u00f3 que la consulta iniciar\u00e1 tambi\u00e9n de forma [&hellip;]<\/p>\n","protected":false},"author":19,"featured_media":237342,"comment_status":"closed","ping_status":"closed","sticky":false,"template":"","format":"standard","meta":{"footnotes":""},"categories":[11],"tags":[],"class_list":{"0":"post-237341","1":"post","2":"type-post","3":"status-publish","4":"format-standard","5":"has-post-thumbnail","7":"category-politica"},"_links":{"self":[{"href":"https:\/\/elluchador.info\/index.php?rest_route=\/wp\/v2\/posts\/237341","targetHints":{"allow":["GET"]}}],"collection":[{"href":"https:\/\/elluchador.info\/index.php?rest_route=\/wp\/v2\/posts"}],"about":[{"href":"https:\/\/elluchador.info\/index.php?rest_route=\/wp\/v2\/types\/post"}],"author":[{"embeddable":true,"href":"https:\/\/elluchador.info\/index.php?rest_route=\/wp\/v2\/users\/19"}],"replies":[{"embeddable":true,"href":"https:\/\/elluchador.info\/index.php?rest_route=%2Fwp%2Fv2%2Fcomments&post=237341"}],"version-history":[{"count":1,"href":"https:\/\/elluchador.info\/index.php?rest_route=\/wp\/v2\/posts\/237341\/revisions"}],"predecessor-version":[{"id":237343,"href":"https:\/\/elluchador.info\/index.php?rest_route=\/wp\/v2\/posts\/237341\/revisions\/237343"}],"wp:featuredmedia":[{"embeddable":true,"href":"https:\/\/elluchador.info\/index.php?rest_route=\/wp\/v2\/media\/237342"}],"wp:attachment":[{"href":"https:\/\/elluchador.info\/index.php?rest_route=%2Fwp%2Fv2%2Fmedia&parent=237341"}],"wp:term":[{"taxonomy":"category","embeddable":true,"href":"https:\/\/elluchador.info\/index.php?rest_route=%2Fwp%2Fv2%2Fcategories&post=237341"},{"taxonomy":"post_tag","embeddable":true,"href":"https:\/\/elluchador.info\/index.php?rest_route=%2Fwp%2Fv2%2Ftags&post=237341"}],"curies":[{"name":"wp","href":"https:\/\/api.w.org\/{rel}","templated":true}]}}