{"id":237363,"date":"2023-01-26T13:25:41","date_gmt":"2023-01-26T17:25:41","guid":{"rendered":"https:\/\/elluchador.info\/web\/?p=237363"},"modified":"2023-01-26T13:25:41","modified_gmt":"2023-01-26T17:25:41","slug":"alcaldesa-yulisbeth-garcia-inicio-reparacion-de-la-via-upata-el-manteco","status":"publish","type":"post","link":"https:\/\/elluchador.info\/?p=237363","title":{"rendered":"Alcaldesa Yulisbeth Garc\u00eda inici\u00f3 reparaci\u00f3n de la v\u00eda Upata-El Manteco"},"content":{"rendered":"<p>Este martes la alcaldesa del municipio Piar Yulisbeth Garc\u00eda \u201cLa Tata\u201d inici\u00f3 la reparaci\u00f3n de la v\u00eda Upata-El Manteco, siguiendo las orientaciones del presidente Nicol\u00e1s Maduro y dando cumplimiento al compromiso del gobernador \u00c1ngel Marcano, como parte del plan de fortalecimiento de la vialidad del estado Bol\u00edvar.<\/p>\n<p>Inform\u00f3 la Mandataria Municipal que a trav\u00e9s de la empresa Asfalto Bol\u00edvar, se dio inicio a la colocaci\u00f3n de asfalto para recuperar esta importante v\u00eda que une a Upata con la parroquia Pedro Cova de El Manteco perteneciente al municipio Piar.<\/p>\n<p>Resalt\u00f3 que se est\u00e1n colocando capas de rodamiento asf\u00e1ltico que permitir\u00e1 un mejor desplazamiento de los veh\u00edculos y as\u00ed garantizar la seguridad vial a los conductores.<\/p>\n<p>\u201cLa Gesti\u00f3n por Amor a Piar sigue trabajando, estamos en todos los rincones del Municipio ya rehabilitamos 43 kil\u00f3metros de la v\u00eda del sector agr\u00edcola de El Buey y estamos dando respuesta a los habitantes de El Manteco, como gobierno municipal de la mano del Gobierno Regional y Nacional, seguimos atendiendo las orientaciones del presidente Nicol\u00e1s Maduro, para mejorar la vialidad en nuestro Municipio Piar y vamos por m\u00e1s\u201d, expres\u00f3 la Alcaldesa.<\/p>\n<p>Adem\u00e1s de la colocaci\u00f3n de asfalto en la vialidad se est\u00e1n realizando trabajos de desmalezamiento conjuntamente con las cuadrillas de la Fundaci\u00f3n Yocoima.<\/p>\n<p>Con informaci\u00f3n de Zuleyma Idrogo.<\/p>\n","protected":false},"excerpt":{"rendered":"<p>Este martes la alcaldesa del municipio Piar Yulisbeth Garc\u00eda \u201cLa Tata\u201d inici\u00f3 la reparaci\u00f3n de la v\u00eda Upata-El Manteco, siguiendo las orientaciones del presidente Nicol\u00e1s Maduro y dando cumplimiento al compromiso del gobernador \u00c1ngel Marcano, como parte del plan de fortalecimiento de la vialidad del estado Bol\u00edvar. Inform\u00f3 la Mandataria Municipal que a trav\u00e9s de [&hellip;]<\/p>\n","protected":false},"author":19,"featured_media":237364,"comment_status":"closed","ping_status":"closed","sticky":false,"template":"","format":"standard","meta":{"footnotes":""},"categories":[12],"tags":[],"class_list":{"0":"post-237363","1":"post","2":"type-post","3":"status-publish","4":"format-standard","5":"has-post-thumbnail","7":"category-regionales"},"_links":{"self":[{"href":"https:\/\/elluchador.info\/index.php?rest_route=\/wp\/v2\/posts\/237363","targetHints":{"allow":["GET"]}}],"collection":[{"href":"https:\/\/elluchador.info\/index.php?rest_route=\/wp\/v2\/posts"}],"about":[{"href":"https:\/\/elluchador.info\/index.php?rest_route=\/wp\/v2\/types\/post"}],"author":[{"embeddable":true,"href":"https:\/\/elluchador.info\/index.php?rest_route=\/wp\/v2\/users\/19"}],"replies":[{"embeddable":true,"href":"https:\/\/elluchador.info\/index.php?rest_route=%2Fwp%2Fv2%2Fcomments&post=237363"}],"version-history":[{"count":1,"href":"https:\/\/elluchador.info\/index.php?rest_route=\/wp\/v2\/posts\/237363\/revisions"}],"predecessor-version":[{"id":237365,"href":"https:\/\/elluchador.info\/index.php?rest_route=\/wp\/v2\/posts\/237363\/revisions\/237365"}],"wp:featuredmedia":[{"embeddable":true,"href":"https:\/\/elluchador.info\/index.php?rest_route=\/wp\/v2\/media\/237364"}],"wp:attachment":[{"href":"https:\/\/elluchador.info\/index.php?rest_route=%2Fwp%2Fv2%2Fmedia&parent=237363"}],"wp:term":[{"taxonomy":"category","embeddable":true,"href":"https:\/\/elluchador.info\/index.php?rest_route=%2Fwp%2Fv2%2Fcategories&post=237363"},{"taxonomy":"post_tag","embeddable":true,"href":"https:\/\/elluchador.info\/index.php?rest_route=%2Fwp%2Fv2%2Ftags&post=237363"}],"curies":[{"name":"wp","href":"https:\/\/api.w.org\/{rel}","templated":true}]}}