{"id":237366,"date":"2023-01-26T13:34:02","date_gmt":"2023-01-26T17:34:02","guid":{"rendered":"https:\/\/elluchador.info\/web\/?p=237366"},"modified":"2023-01-26T13:34:38","modified_gmt":"2023-01-26T17:34:38","slug":"concejo-municipal-del-municipio-piar-reconoce-labor-de-pastores-y-ministros","status":"publish","type":"post","link":"https:\/\/elluchador.info\/?p=237366","title":{"rendered":"Concejo Bolivariano del municipio Piar reconoce labor de pastores y ministros"},"content":{"rendered":"<p>El Concejo Bolivariano del municipio Piar reconoci\u00f3 labor de pastores y ministros en el marco de celebrarse el D\u00eda Nacional del Pastor, el acto tuvo lugar en las instalaciones del sal\u00f3n Piar, en sesi\u00f3n especial se resalt\u00f3 la funci\u00f3n que vienen desarrollando en el \u00e1mbito cristiano y social, en medio de la actividad la pastora Trina de Cabeza tuvo el privilegio de ser la oradora de orden.<\/p>\n<p>Ra\u00edza Guedez, presidenta del Concejo Municipal destac\u00f3 el trabajo de quienes administran los bienes de Dios en cada una de las congregaciones, cabe mencionar que la alcaldesa Yulibseth Garc\u00eda tambi\u00e9n se ha preocupado por mantener una confraternidad con los pastores de Upata.<\/p>\n<p>Asimismo la ap\u00f3stol Yurka Suzarra, secretaria de Religi\u00f3n y Culto del estado Bol\u00edvar manifest\u00f3 que se conmemora el D\u00eda del Pastor bajo un decreto presidencial\u00a0 desde el 2019 estableciendo como fecha el 15 de enero, en tal sentido se hace un sencillo homenaje a los hombres de Dios que est\u00e1n haciendo un trabajo social, de paz, amor y armon\u00eda, llegando a cada sector con el mensaje de Jesucristo.<\/p>\n<p>Ayudas a pastores en sus congregaciones<\/p>\n<p>\u201cEn vista del trabajo desempe\u00f1ado en todo el pa\u00eds el presidente Nicol\u00e1s Maduro decidi\u00f3 honrar con fijar esta celebraci\u00f3n, adem\u00e1s vienen tiempos buenos para el gremio pastoral con las pol\u00edticas sociales anunciadas por el Ejecutivo nacional, las ayudas se basan con las iglesias bien equipadas, con el proyecto coraz\u00f3n cristiano\u201d, acota.<\/p>\n<p>Por su parte la pastora Soraya de Requena, agradeci\u00f3 el gesto de las autoridades municipales en honrar la funci\u00f3n pastoral, no es solamente un d\u00eda, diariamente cumplen con los lineamientos de Dios en cada una de las congregaciones y llevan el mensaje de salvaci\u00f3n.<\/p>\n","protected":false},"excerpt":{"rendered":"<p>El Concejo Bolivariano del municipio Piar reconoci\u00f3 labor de pastores y ministros en el marco de celebrarse el D\u00eda Nacional del Pastor, el acto tuvo lugar en las instalaciones del sal\u00f3n Piar, en sesi\u00f3n especial se resalt\u00f3 la funci\u00f3n que vienen desarrollando en el \u00e1mbito cristiano y social, en medio de la actividad la pastora [&hellip;]<\/p>\n","protected":false},"author":19,"featured_media":237367,"comment_status":"closed","ping_status":"closed","sticky":false,"template":"","format":"standard","meta":{"footnotes":""},"categories":[12],"tags":[],"class_list":{"0":"post-237366","1":"post","2":"type-post","3":"status-publish","4":"format-standard","5":"has-post-thumbnail","7":"category-regionales"},"_links":{"self":[{"href":"https:\/\/elluchador.info\/index.php?rest_route=\/wp\/v2\/posts\/237366","targetHints":{"allow":["GET"]}}],"collection":[{"href":"https:\/\/elluchador.info\/index.php?rest_route=\/wp\/v2\/posts"}],"about":[{"href":"https:\/\/elluchador.info\/index.php?rest_route=\/wp\/v2\/types\/post"}],"author":[{"embeddable":true,"href":"https:\/\/elluchador.info\/index.php?rest_route=\/wp\/v2\/users\/19"}],"replies":[{"embeddable":true,"href":"https:\/\/elluchador.info\/index.php?rest_route=%2Fwp%2Fv2%2Fcomments&post=237366"}],"version-history":[{"count":2,"href":"https:\/\/elluchador.info\/index.php?rest_route=\/wp\/v2\/posts\/237366\/revisions"}],"predecessor-version":[{"id":237369,"href":"https:\/\/elluchador.info\/index.php?rest_route=\/wp\/v2\/posts\/237366\/revisions\/237369"}],"wp:featuredmedia":[{"embeddable":true,"href":"https:\/\/elluchador.info\/index.php?rest_route=\/wp\/v2\/media\/237367"}],"wp:attachment":[{"href":"https:\/\/elluchador.info\/index.php?rest_route=%2Fwp%2Fv2%2Fmedia&parent=237366"}],"wp:term":[{"taxonomy":"category","embeddable":true,"href":"https:\/\/elluchador.info\/index.php?rest_route=%2Fwp%2Fv2%2Fcategories&post=237366"},{"taxonomy":"post_tag","embeddable":true,"href":"https:\/\/elluchador.info\/index.php?rest_route=%2Fwp%2Fv2%2Ftags&post=237366"}],"curies":[{"name":"wp","href":"https:\/\/api.w.org\/{rel}","templated":true}]}}