{"id":237370,"date":"2023-01-26T13:40:59","date_gmt":"2023-01-26T17:40:59","guid":{"rendered":"https:\/\/elluchador.info\/web\/?p=237370"},"modified":"2023-01-26T13:43:04","modified_gmt":"2023-01-26T17:43:04","slug":"educadores-de-ciudad-bolivar-acordaron-en-asamblea-seguir-en-pie-de-lucha-por-mejores-salarios","status":"publish","type":"post","link":"https:\/\/elluchador.info\/?p=237370","title":{"rendered":"Educadores de Ciudad Bol\u00edvar acordaron en asamblea seguir en pie de lucha por mejores salarios"},"content":{"rendered":"<p>En una asamblea realizada este mi\u00e9rcoles en la Casa del Educador, el magisterio de Ciudad Bol\u00edvar acord\u00f3 mantenerse firme en sus exigencias por mejores condiciones salariales y laborales.<\/p>\n<p>La asamblea, convocada por el comando intersindical del magisterio del estado Bol\u00edvar, const\u00f3 con una masiva asistencia de docentes activos y jubilados, adscritos al Ministerio de Educaci\u00f3n y Gobernaci\u00f3n de Bol\u00edvar.<\/p>\n<p>Lina Maradei de Beltr\u00e1n de la FVM Bol\u00edvar, Erario Armario de Suma Heres, Dorka Arias de Sintraense\u00f1anza, Aixa Viera de Sutradocencia, Mar\u00eda Guerra del Colegio de Profesores11, Carlos Hidalgo de Peritos y T\u00e9cnicos y Sa\u00fal Machado de SUTPP, presidieron esta reuni\u00f3n, donde se escucharon, expusieron y evaluaron planteamientos.<\/p>\n<p>Los docentes tomaron la palabra para presentar diversas propuestas de acciones a emprender por sus derechos laborales, entre ellas una vigilia frente a la sede de la Zona Educativa, realizar talleres legales y emociones frente al acoso laboral por parte del patrono.<\/p>\n<p>Asimismo, acordaron unificar esta lucha gremial por salarios dignos y mejor calidad de vida con los padres, representantes y comunidad en general, que tambi\u00e9n padecen por estos salarios de hambre y miseria.<\/p>\n<p>Adem\u00e1s, alertaron a los docentes a registrar en acta las situaciones de acoso, persecuci\u00f3n y hostigamiento que se ha dado por parte de supervisores, directores y otros funcionarios del MPPE.<\/p>\n<p>Los docentes elevaron su voz de rechazo por las constantes excusas del gobierno de atribuir todo a las sanciones y bloqueo. \u201cNo nos calamos m\u00e1s el mit\u00f3mano discurso del bloqueo\u201d, se escuch\u00f3 decir a una docente.<\/p>\n<p>La dirigencia sindical celebr\u00f3 la asistencia de los docentes, aun cuando muchos est\u00e1n siendo acosados y perseguidos solo por reclamar sus derechos salariales, en el marco de finiquitar las discusiones y firma de la III Conversi\u00f3n Colectiva de Trabajo.<\/p>\n<p>Esperando a la OIT<\/p>\n<p>El magisterio regional se prepara para la llegada de la Organizaci\u00f3n Internacional del Trabajo (OIT) el pr\u00f3ximo 30 de enero, cuando se espera una nueva manifestaci\u00f3n de calle por un salario digno, tan como lo testifica el art\u00edculo 91 de la CRBV.<\/p>\n<p>Lina Maradei, coordinadora del Comando Intersindical del Magisterio, afirm\u00f3 que si el gobierno no responde, \u201cno nos dejan otras alternativas, m\u00e1s que la de seguir en el asfalto protestando y exigi\u00e9ndoles nuestras reivindicaciones salariales\u201d.<\/p>\n<p>El magisterio, tambi\u00e9n, exige al gobierno de Nicol\u00e1s Maduro les devuelva el Ipasme; as\u00ed como cancele los 280% que adeuda el MPPE desde el 2018, reintegre al bolsillo de los docentes el beneficio de primas.<\/p>\n<p>Maradei, por otro lado, plante\u00f3 propiciar un taller dirigido a docentes para el manejo de emociones en situaci\u00f3n de conflicto, que ser\u00e1 dictado por psiquiatras y psic\u00f3logos.<\/p>\n<p>Contra actitud pasiva de federaciones<\/p>\n<p>Por su parte, Erario Armario de Suma Heres, rechaz\u00f3 la actitud asumida por las distintas federaciones nacionales del magisterio que desde julio no han presentado las propuestas econ\u00f3micas para avanzar en la firma del III CCUUT.<\/p>\n<p>Para capacitar y dotar a los docentes de las herramientas legales dictar\u00e1n un taller para todos los delegados sindicales.<\/p>\n<p>Dorka Arias de Sintraense\u00f1anza invit\u00f3 a los docentes a seguir en esta batalla por lograr las reivindicaciones justas, e inst\u00f3 a dejar registro de las situaciones de acoso y amedrentamiento que se vienen presentando en algunas escuelas.<\/p>\n","protected":false},"excerpt":{"rendered":"<p>En una asamblea realizada este mi\u00e9rcoles en la Casa del Educador, el magisterio de Ciudad Bol\u00edvar acord\u00f3 mantenerse firme en sus exigencias por mejores condiciones salariales y laborales. La asamblea, convocada por el comando intersindical del magisterio del estado Bol\u00edvar, const\u00f3 con una masiva asistencia de docentes activos y jubilados, adscritos al Ministerio de Educaci\u00f3n [&hellip;]<\/p>\n","protected":false},"author":19,"featured_media":237371,"comment_status":"closed","ping_status":"closed","sticky":false,"template":"","format":"standard","meta":{"footnotes":""},"categories":[12],"tags":[],"class_list":{"0":"post-237370","1":"post","2":"type-post","3":"status-publish","4":"format-standard","5":"has-post-thumbnail","7":"category-regionales"},"_links":{"self":[{"href":"https:\/\/elluchador.info\/index.php?rest_route=\/wp\/v2\/posts\/237370","targetHints":{"allow":["GET"]}}],"collection":[{"href":"https:\/\/elluchador.info\/index.php?rest_route=\/wp\/v2\/posts"}],"about":[{"href":"https:\/\/elluchador.info\/index.php?rest_route=\/wp\/v2\/types\/post"}],"author":[{"embeddable":true,"href":"https:\/\/elluchador.info\/index.php?rest_route=\/wp\/v2\/users\/19"}],"replies":[{"embeddable":true,"href":"https:\/\/elluchador.info\/index.php?rest_route=%2Fwp%2Fv2%2Fcomments&post=237370"}],"version-history":[{"count":2,"href":"https:\/\/elluchador.info\/index.php?rest_route=\/wp\/v2\/posts\/237370\/revisions"}],"predecessor-version":[{"id":237373,"href":"https:\/\/elluchador.info\/index.php?rest_route=\/wp\/v2\/posts\/237370\/revisions\/237373"}],"wp:featuredmedia":[{"embeddable":true,"href":"https:\/\/elluchador.info\/index.php?rest_route=\/wp\/v2\/media\/237371"}],"wp:attachment":[{"href":"https:\/\/elluchador.info\/index.php?rest_route=%2Fwp%2Fv2%2Fmedia&parent=237370"}],"wp:term":[{"taxonomy":"category","embeddable":true,"href":"https:\/\/elluchador.info\/index.php?rest_route=%2Fwp%2Fv2%2Fcategories&post=237370"},{"taxonomy":"post_tag","embeddable":true,"href":"https:\/\/elluchador.info\/index.php?rest_route=%2Fwp%2Fv2%2Ftags&post=237370"}],"curies":[{"name":"wp","href":"https:\/\/api.w.org\/{rel}","templated":true}]}}