{"id":237377,"date":"2023-01-26T13:58:17","date_gmt":"2023-01-26T17:58:17","guid":{"rendered":"https:\/\/elluchador.info\/web\/?p=237377"},"modified":"2023-01-26T13:58:17","modified_gmt":"2023-01-26T17:58:17","slug":"invitan-a-exportadores-venezolanos-a-sumarse-a-la-expocomer-2023","status":"publish","type":"post","link":"https:\/\/elluchador.info\/?p=237377","title":{"rendered":"Invitan a exportadores venezolanos a sumarse a la Expocomer 2023"},"content":{"rendered":"<p>La Expocomer en su edici\u00f3n 39 ser\u00e1 en Panam\u00e1 del 28 al 30 de marzo de este a\u00f1o, invit\u00f3 a Venezuela a participar en ese evento.<\/p>\n<p>En el encuentro de al menos 40 pa\u00edses se destacar\u00e1n categor\u00edas en varios productos: alimentos, bebidas y productos agropecuarios; textiles, calzado, accesorios, tecnolog\u00eda y electr\u00f3nicos.<\/p>\n<p>Por su parte, representante y promotor del Pabell\u00f3n Venezuela para la Expocomer panam\u00e1 2023, H\u00e9ctor Angulo indic\u00f3 que al menos 40 pa\u00edses participan en este evento y a su vez invit\u00f3 al sector exportador de Venezuela que se atreva a exponer en la Expocomer 2023.<\/p>\n<p>En ese sentido, Angulo explic\u00f3 que desde el sector log\u00edstico se est\u00e1 desarrollando un servicio para carga de exportaci\u00f3n conocida como LCL que significa Cargas Consolidadas, para que pueda vender exportaciones en distintos pa\u00edses a la vez.<\/p>\n<p>\u00abEsto es para peque\u00f1os exportadores que se est\u00e9n iniciando, lo pueden hacer a trav\u00e9s de nosotros\u00bb, apunt\u00f3.<\/p>\n<p>\u00bfC\u00f3mo hacer con la visa?<\/p>\n<p>\u00abNo es s\u00f3lo invitarlos al evento tambi\u00e9n se va a coordinar una cita libre de Col\u00f3n (\u2026) Ya tenemos dos meses por delante para hacer esto\u00bb, dijo Angulo.<\/p>\n<p>Precis\u00f3, que tres semanas antes ser\u00e1 el cierre para todos los requisitos que se necesitan, para formalizar en bloque una solicitud para una visa temporal y puedan asistir al evento.<\/p>\n<p>Mencion\u00f3 que el l\u00edmite m\u00ednimo de exposici\u00f3n es de 5 stands por empresa, que tambi\u00e9n pudiera ser compartido.<\/p>\n<p>\u00abEsta vez queremos desarrollar un pabell\u00f3n como tal del sector privado\u00bb, expres\u00f3.<\/p>\n<p>Con informaci\u00f3n de unionradio.net<\/p>\n","protected":false},"excerpt":{"rendered":"<p>La Expocomer en su edici\u00f3n 39 ser\u00e1 en Panam\u00e1 del 28 al 30 de marzo de este a\u00f1o, invit\u00f3 a Venezuela a participar en ese evento. En el encuentro de al menos 40 pa\u00edses se destacar\u00e1n categor\u00edas en varios productos: alimentos, bebidas y productos agropecuarios; textiles, calzado, accesorios, tecnolog\u00eda y electr\u00f3nicos. Por su parte, representante [&hellip;]<\/p>\n","protected":false},"author":19,"featured_media":237378,"comment_status":"closed","ping_status":"closed","sticky":false,"template":"","format":"standard","meta":{"footnotes":""},"categories":[6],"tags":[],"class_list":{"0":"post-237377","1":"post","2":"type-post","3":"status-publish","4":"format-standard","5":"has-post-thumbnail","7":"category-economia"},"_links":{"self":[{"href":"https:\/\/elluchador.info\/index.php?rest_route=\/wp\/v2\/posts\/237377","targetHints":{"allow":["GET"]}}],"collection":[{"href":"https:\/\/elluchador.info\/index.php?rest_route=\/wp\/v2\/posts"}],"about":[{"href":"https:\/\/elluchador.info\/index.php?rest_route=\/wp\/v2\/types\/post"}],"author":[{"embeddable":true,"href":"https:\/\/elluchador.info\/index.php?rest_route=\/wp\/v2\/users\/19"}],"replies":[{"embeddable":true,"href":"https:\/\/elluchador.info\/index.php?rest_route=%2Fwp%2Fv2%2Fcomments&post=237377"}],"version-history":[{"count":1,"href":"https:\/\/elluchador.info\/index.php?rest_route=\/wp\/v2\/posts\/237377\/revisions"}],"predecessor-version":[{"id":237379,"href":"https:\/\/elluchador.info\/index.php?rest_route=\/wp\/v2\/posts\/237377\/revisions\/237379"}],"wp:featuredmedia":[{"embeddable":true,"href":"https:\/\/elluchador.info\/index.php?rest_route=\/wp\/v2\/media\/237378"}],"wp:attachment":[{"href":"https:\/\/elluchador.info\/index.php?rest_route=%2Fwp%2Fv2%2Fmedia&parent=237377"}],"wp:term":[{"taxonomy":"category","embeddable":true,"href":"https:\/\/elluchador.info\/index.php?rest_route=%2Fwp%2Fv2%2Fcategories&post=237377"},{"taxonomy":"post_tag","embeddable":true,"href":"https:\/\/elluchador.info\/index.php?rest_route=%2Fwp%2Fv2%2Ftags&post=237377"}],"curies":[{"name":"wp","href":"https:\/\/api.w.org\/{rel}","templated":true}]}}