{"id":237389,"date":"2023-01-26T14:56:07","date_gmt":"2023-01-26T18:56:07","guid":{"rendered":"https:\/\/elluchador.info\/web\/?p=237389"},"modified":"2023-01-26T14:56:07","modified_gmt":"2023-01-26T18:56:07","slug":"evo-morales-fue-declarado-por-el-congreso-como-persona-non-grata-en-peru","status":"publish","type":"post","link":"https:\/\/elluchador.info\/?p=237389","title":{"rendered":"Evo Morales fue declarado por el Congreso como persona non grata en Per\u00fa"},"content":{"rendered":"<p>El Congreso de la Rep\u00fablica declar\u00f3 como \u201cpersona non grata\u201d al expresidente boliviano Evo Morales por sus \u201cdeclaraciones p\u00fablicas\u201d contra el Per\u00fa. El Pleno aprob\u00f3 por mayor\u00eda este estatuto con 74 votos a favor, 40 en contra y 4 abstenciones.<\/p>\n<p>\u201cDeclarar persona non grata al se\u00f1or Evo Morales Ayma en el territorio nacional, por sus constantes incitaciones en la pol\u00edtica nacional, las mismas que buscan desequilibrar el orden interno del pa\u00eds, en especial la zona sur del Per\u00fa\u201d, se lee en la moci\u00f3n 5225, que fue presentado por la congresista Mar\u00eda del Carmen Alva, presidenta de la Comisi\u00f3n de Relaciones Exteriores.<\/p>\n<p>Tambi\u00e9n se exige que se debe \u201cexhortar al Ministerio de Relaciones Exteriores y Ministerio del Interior a que eleven la presente Moci\u00f3n de Orden del D\u00eda a la embajada de Bolivia en Per\u00fa para conocimiento y fines pertinentes\u201d.<\/p>\n<p>Durante la sustentaci\u00f3n del debate, la extitular del Parlamento dijo que \u201clas manifestaciones (de Evo Morales) son una constante intromisi\u00f3n en asuntos internos de nuestro pa\u00eds, y no hay duda que no es amigo del Per\u00fa\u201d.<\/p>\n<p>Alva record\u00f3 que el exmandatario de Bolivia hab\u00eda mencionado que \u201clo que est\u00e1 viviendo el Per\u00fa no es una simple reivindicaci\u00f3n del cierre del Congreso o nuevas elecciones. Esa es una insurreci\u00f3n del pueblo contra el estado colonial\u201d, y que por lo tanto, \u201cuna insurreci\u00f3n no se resuelve con una reforma a la Constituci\u00f3n, sino con la refundaci\u00f3n del Per\u00fa\u201d.<\/p>\n<p>La congresista de Acci\u00f3n Popular dijo que las palabras de Evo Morales constitu\u00edan \u201cuna vulneraci\u00f3n abierta a los derechos protegidos de libertad de pensamiento y expresi\u00f3n contemplados en la Convenci\u00f3n Americana de Derechos Humanos; que establece la prohibici\u00f3n de toda propaganda en favor de la guerra y toda apolog\u00eda del odio nacional, racial o religioso que constituyan incitaciones a la violencia\u201d.<\/p>\n<p><strong>INFOBAE<\/strong><\/p>\n","protected":false},"excerpt":{"rendered":"<p>El Congreso de la Rep\u00fablica declar\u00f3 como \u201cpersona non grata\u201d al expresidente boliviano Evo Morales por sus \u201cdeclaraciones p\u00fablicas\u201d contra el Per\u00fa. El Pleno aprob\u00f3 por mayor\u00eda este estatuto con 74 votos a favor, 40 en contra y 4 abstenciones. \u201cDeclarar persona non grata al se\u00f1or Evo Morales Ayma en el territorio nacional, por sus [&hellip;]<\/p>\n","protected":false},"author":33,"featured_media":237400,"comment_status":"closed","ping_status":"closed","sticky":false,"template":"","format":"standard","meta":{"footnotes":""},"categories":[8],"tags":[],"class_list":{"0":"post-237389","1":"post","2":"type-post","3":"status-publish","4":"format-standard","5":"has-post-thumbnail","7":"category-internacionales"},"_links":{"self":[{"href":"https:\/\/elluchador.info\/index.php?rest_route=\/wp\/v2\/posts\/237389","targetHints":{"allow":["GET"]}}],"collection":[{"href":"https:\/\/elluchador.info\/index.php?rest_route=\/wp\/v2\/posts"}],"about":[{"href":"https:\/\/elluchador.info\/index.php?rest_route=\/wp\/v2\/types\/post"}],"author":[{"embeddable":true,"href":"https:\/\/elluchador.info\/index.php?rest_route=\/wp\/v2\/users\/33"}],"replies":[{"embeddable":true,"href":"https:\/\/elluchador.info\/index.php?rest_route=%2Fwp%2Fv2%2Fcomments&post=237389"}],"version-history":[{"count":1,"href":"https:\/\/elluchador.info\/index.php?rest_route=\/wp\/v2\/posts\/237389\/revisions"}],"predecessor-version":[{"id":237401,"href":"https:\/\/elluchador.info\/index.php?rest_route=\/wp\/v2\/posts\/237389\/revisions\/237401"}],"wp:featuredmedia":[{"embeddable":true,"href":"https:\/\/elluchador.info\/index.php?rest_route=\/wp\/v2\/media\/237400"}],"wp:attachment":[{"href":"https:\/\/elluchador.info\/index.php?rest_route=%2Fwp%2Fv2%2Fmedia&parent=237389"}],"wp:term":[{"taxonomy":"category","embeddable":true,"href":"https:\/\/elluchador.info\/index.php?rest_route=%2Fwp%2Fv2%2Fcategories&post=237389"},{"taxonomy":"post_tag","embeddable":true,"href":"https:\/\/elluchador.info\/index.php?rest_route=%2Fwp%2Fv2%2Ftags&post=237389"}],"curies":[{"name":"wp","href":"https:\/\/api.w.org\/{rel}","templated":true}]}}