{"id":237390,"date":"2023-01-26T14:37:56","date_gmt":"2023-01-26T18:37:56","guid":{"rendered":"https:\/\/elluchador.info\/web\/?p=237390"},"modified":"2023-01-26T14:37:56","modified_gmt":"2023-01-26T18:37:56","slug":"venezuela-asume-la-secretaria-general-de-grulac-unesco","status":"publish","type":"post","link":"https:\/\/elluchador.info\/?p=237390","title":{"rendered":"Venezuela asume la Secretar\u00eda General de GRULAC-UNESCO"},"content":{"rendered":"<p>El Embajador \u2013 Representante Permanente de Venezuela ante la UNESCO, Rodulfo P\u00e9rez inform\u00f3 que la Rep\u00fablica Bolivariana de Venezuela asume este jueves 26 de enero la Secretar\u00eda General del Grupo Latinoamericano-Caribe\u00f1o, GRULAC, de la Organizaci\u00f3n de las Naciones Unidas para la Educaci\u00f3n, la Ciencia y la Cultura (UNESCO).<\/p>\n<p>La informaci\u00f3n fue difundida en la red social Twitter del diplom\u00e1tico venezolano, en donde puso a disposici\u00f3n de los pa\u00edses miembros el impulso de una diplomacia de Paz de Venezuela con el objetivo de favorecer el di\u00e1logo, el respeto a la autodeterminaci\u00f3n de los pueblos y la Integraci\u00f3n.<\/p>\n<p>\u201cLo hacemos en el momento en el cual se acaba de celebrar la VII Cumbre de la CELAC en Argentina y donde han surgido importantes iniciativas en funci\u00f3n de la uni\u00f3n e integraci\u00f3n de la regi\u00f3n\u201d, expres\u00f3 P\u00e9rez.<\/p>\n<p>La GRULAC est\u00e1 conformada por 33 Estados miembros de Am\u00e9rica Latina y el Caribe, y sirve como un grupo de di\u00e1logo no vinculante donde se discuten temas relacionados con asuntos regionales e internacionales.<\/p>\n<p>Es importante recordar que, Venezuela asumi\u00f3 el 9 de enero de 2020 la presidencia del Grupo Latinoamericano-Caribe\u00f1o (GRULAC) de la Organizaci\u00f3n de las Naciones Unidas para la Educaci\u00f3n, la Ciencia y la Cultura (UNESCO).<\/p>\n<p>Con informaci\u00f3n de www.vtv.gob.ve<\/p>\n","protected":false},"excerpt":{"rendered":"<p>El Embajador \u2013 Representante Permanente de Venezuela ante la UNESCO, Rodulfo P\u00e9rez inform\u00f3 que la Rep\u00fablica Bolivariana de Venezuela asume este jueves 26 de enero la Secretar\u00eda General del Grupo Latinoamericano-Caribe\u00f1o, GRULAC, de la Organizaci\u00f3n de las Naciones Unidas para la Educaci\u00f3n, la Ciencia y la Cultura (UNESCO). La informaci\u00f3n fue difundida en la red [&hellip;]<\/p>\n","protected":false},"author":19,"featured_media":237391,"comment_status":"closed","ping_status":"closed","sticky":false,"template":"","format":"standard","meta":{"footnotes":""},"categories":[9],"tags":[],"class_list":{"0":"post-237390","1":"post","2":"type-post","3":"status-publish","4":"format-standard","5":"has-post-thumbnail","7":"category-nacionales"},"_links":{"self":[{"href":"https:\/\/elluchador.info\/index.php?rest_route=\/wp\/v2\/posts\/237390","targetHints":{"allow":["GET"]}}],"collection":[{"href":"https:\/\/elluchador.info\/index.php?rest_route=\/wp\/v2\/posts"}],"about":[{"href":"https:\/\/elluchador.info\/index.php?rest_route=\/wp\/v2\/types\/post"}],"author":[{"embeddable":true,"href":"https:\/\/elluchador.info\/index.php?rest_route=\/wp\/v2\/users\/19"}],"replies":[{"embeddable":true,"href":"https:\/\/elluchador.info\/index.php?rest_route=%2Fwp%2Fv2%2Fcomments&post=237390"}],"version-history":[{"count":1,"href":"https:\/\/elluchador.info\/index.php?rest_route=\/wp\/v2\/posts\/237390\/revisions"}],"predecessor-version":[{"id":237392,"href":"https:\/\/elluchador.info\/index.php?rest_route=\/wp\/v2\/posts\/237390\/revisions\/237392"}],"wp:featuredmedia":[{"embeddable":true,"href":"https:\/\/elluchador.info\/index.php?rest_route=\/wp\/v2\/media\/237391"}],"wp:attachment":[{"href":"https:\/\/elluchador.info\/index.php?rest_route=%2Fwp%2Fv2%2Fmedia&parent=237390"}],"wp:term":[{"taxonomy":"category","embeddable":true,"href":"https:\/\/elluchador.info\/index.php?rest_route=%2Fwp%2Fv2%2Fcategories&post=237390"},{"taxonomy":"post_tag","embeddable":true,"href":"https:\/\/elluchador.info\/index.php?rest_route=%2Fwp%2Fv2%2Ftags&post=237390"}],"curies":[{"name":"wp","href":"https:\/\/api.w.org\/{rel}","templated":true}]}}