{"id":237393,"date":"2023-01-26T14:44:19","date_gmt":"2023-01-26T18:44:19","guid":{"rendered":"https:\/\/elluchador.info\/web\/?p=237393"},"modified":"2023-01-26T14:44:19","modified_gmt":"2023-01-26T18:44:19","slug":"arriba-a-venezuela-el-comisionado-de-la-onu-para-los-dd-hh-volker-turk","status":"publish","type":"post","link":"https:\/\/elluchador.info\/?p=237393","title":{"rendered":"Arriba a Venezuela el Comisionado de la ONU para los DD. HH. Volker T\u00fcrk"},"content":{"rendered":"<p>Las autoridades venezolanas recibieron al Alto Comisionado de Naciones Unidas (ONU) para los Derechos Humanos, Volker T\u00fcrk, en el Aeropuerto Internacional Sim\u00f3n Bol\u00edvar, en Maiquet\u00eda, La Guaira, quien arriba al pa\u00eds por invitaci\u00f3n del presidente de la Rep\u00fablica Bolivariana de Venezuela, Nicol\u00e1s Maduro Moros.<\/p>\n<p>M\u00e1s temprano, de acuerdo al comunicado emitido por el Ministerio del Poder Popular para las Relaciones Exteriores, la visita del Alto Comisionado se llevar\u00e1 a cabo en ejecuci\u00f3n de los mecanismos de di\u00e1logo constructivo, cooperaci\u00f3n y asistencia t\u00e9cnica existentes entre Venezuela y la Oficina a su cargo.<\/p>\n<p>Por lo que Venezuela reiter\u00f3 su disposici\u00f3n de dialogar ampliamente con Volker T\u00fcrk, para seguir fortaleciendo la protecci\u00f3n y garant\u00eda de los derechos de los venezolanos y venezolanas.<\/p>\n<p>T\u00fcrk, durante una rueda de prensa al finalizar su visita a Colombia, dijo que \u201ces muy importante para m\u00ed hablar con el gobierno, con los grupos de la sociedad civil, con defensores de derechos humanos, con la oposici\u00f3n sobre diversos asuntos de derechos humanos en Venezuela\u201d.<\/p>\n<p>Con informaci\u00f3n de www.vtv.gob.ve<\/p>\n","protected":false},"excerpt":{"rendered":"<p>Las autoridades venezolanas recibieron al Alto Comisionado de Naciones Unidas (ONU) para los Derechos Humanos, Volker T\u00fcrk, en el Aeropuerto Internacional Sim\u00f3n Bol\u00edvar, en Maiquet\u00eda, La Guaira, quien arriba al pa\u00eds por invitaci\u00f3n del presidente de la Rep\u00fablica Bolivariana de Venezuela, Nicol\u00e1s Maduro Moros. M\u00e1s temprano, de acuerdo al comunicado emitido por el Ministerio del [&hellip;]<\/p>\n","protected":false},"author":19,"featured_media":237394,"comment_status":"closed","ping_status":"closed","sticky":false,"template":"","format":"standard","meta":{"footnotes":""},"categories":[9],"tags":[],"class_list":{"0":"post-237393","1":"post","2":"type-post","3":"status-publish","4":"format-standard","5":"has-post-thumbnail","7":"category-nacionales"},"_links":{"self":[{"href":"https:\/\/elluchador.info\/index.php?rest_route=\/wp\/v2\/posts\/237393","targetHints":{"allow":["GET"]}}],"collection":[{"href":"https:\/\/elluchador.info\/index.php?rest_route=\/wp\/v2\/posts"}],"about":[{"href":"https:\/\/elluchador.info\/index.php?rest_route=\/wp\/v2\/types\/post"}],"author":[{"embeddable":true,"href":"https:\/\/elluchador.info\/index.php?rest_route=\/wp\/v2\/users\/19"}],"replies":[{"embeddable":true,"href":"https:\/\/elluchador.info\/index.php?rest_route=%2Fwp%2Fv2%2Fcomments&post=237393"}],"version-history":[{"count":1,"href":"https:\/\/elluchador.info\/index.php?rest_route=\/wp\/v2\/posts\/237393\/revisions"}],"predecessor-version":[{"id":237395,"href":"https:\/\/elluchador.info\/index.php?rest_route=\/wp\/v2\/posts\/237393\/revisions\/237395"}],"wp:featuredmedia":[{"embeddable":true,"href":"https:\/\/elluchador.info\/index.php?rest_route=\/wp\/v2\/media\/237394"}],"wp:attachment":[{"href":"https:\/\/elluchador.info\/index.php?rest_route=%2Fwp%2Fv2%2Fmedia&parent=237393"}],"wp:term":[{"taxonomy":"category","embeddable":true,"href":"https:\/\/elluchador.info\/index.php?rest_route=%2Fwp%2Fv2%2Fcategories&post=237393"},{"taxonomy":"post_tag","embeddable":true,"href":"https:\/\/elluchador.info\/index.php?rest_route=%2Fwp%2Fv2%2Ftags&post=237393"}],"curies":[{"name":"wp","href":"https:\/\/api.w.org\/{rel}","templated":true}]}}