{"id":237419,"date":"2023-01-26T15:41:59","date_gmt":"2023-01-26T19:41:59","guid":{"rendered":"https:\/\/elluchador.info\/web\/?p=237419"},"modified":"2023-01-26T15:41:59","modified_gmt":"2023-01-26T19:41:59","slug":"instagram-incluye-fotos-de-perfil-dinamicas-con-avatares-3d","status":"publish","type":"post","link":"https:\/\/elluchador.info\/?p=237419","title":{"rendered":"Instagram incluye fotos de perfil din\u00e1micas con avatares 3D"},"content":{"rendered":"<p>Una nueva actualizaci\u00f3n disponible para todos los usuarios de Instagram permite a las personas a\u00f1adir una foto de perfil secundaria que usa una imagen din\u00e1mica del avatar digital presente dentro de la plataforma, seg\u00fan la cuenta oficial de Twitter de la aplicaci\u00f3n.<\/p>\n<p>Esta nueva forma de visualizar las fotos de perfil dentro de la aplicaci\u00f3n de Meta tienen una animaci\u00f3n similar a la de una moneda que puede girarse con solo deslizar un dedo sobre la imagen. Al mostrar el avatar, este emitir\u00e1 un breve saludo antes de volver a su estado est\u00e1tico propio de las im\u00e1genes generadas por la plataforma utilizando la herramienta de edici\u00f3n de apariencia del avatar.<\/p>\n<p>Este \u201clado B\u201d de las fotos de perfil puede ser activado, por lo que a\u00fan luego de su lanzamiento, pueden verse perfiles que no tengan habilitada esta funci\u00f3n, ya que solo se puede acceder por voluntad propia. La activaci\u00f3n del avatar no es obligatoria y depender\u00e1 \u00fanicamente de la preferencia de los usuarios para que esta sea mostrada si es que as\u00ed lo desean.<\/p>\n<p>Para configurar este nuevo tipo de foto de perfil, los usuarios de Instagram deber\u00e1n ingresar a la aplicaci\u00f3n de Meta y posteriormente a sus p\u00e1ginas de perfil. Debajo de su descripci\u00f3n podr\u00e1n encontrar el bot\u00f3n de \u201cEditar Perfil\u201d desde el que se puede seleccionar la funci\u00f3n \u201cEditar foto o avatar\u201d ubicado en la parte superior de la pantalla.<\/p>\n<p>Luego de haber ingresado a este apartado, Instagram mostrar\u00e1 una ventana emergente en la que se podr\u00e1 editar la foto de perfil original y otra en la que se podr\u00e1 modificar el avatar virtual. La primera de las opciones en esta pesta\u00f1a es \u201cAgregar a la foto de perfil\u201d, que deber\u00e1 estar activada. Cuando se seleccione esta funci\u00f3n, las personas tendr\u00e1n que pulsar el bot\u00f3n de Aceptar, ubicado en la parte superior derecha de la pantalla y con la que se finaliza la edici\u00f3n.<\/p>\n<p>Con esta modificaci\u00f3n, las personas que usan Instagram de forma constante podr\u00e1n ver esta fotograf\u00eda din\u00e1mica del avatar de otros usuarios con solo deslizar su dedo \u00edndice de manera lateral de izquierda a derecha. Ese gesto motivar\u00e1 a que la imagen de perfil realice un giro y un saludo antes de volver a quedarse en su lugar con realizar una actividad adicional.<\/p>\n<p><strong>INFOBAE<\/strong><\/p>\n","protected":false},"excerpt":{"rendered":"<p>Una nueva actualizaci\u00f3n disponible para todos los usuarios de Instagram permite a las personas a\u00f1adir una foto de perfil secundaria que usa una imagen din\u00e1mica del avatar digital presente dentro de la plataforma, seg\u00fan la cuenta oficial de Twitter de la aplicaci\u00f3n. Esta nueva forma de visualizar las fotos de perfil dentro de la aplicaci\u00f3n [&hellip;]<\/p>\n","protected":false},"author":33,"featured_media":237420,"comment_status":"closed","ping_status":"closed","sticky":false,"template":"","format":"standard","meta":{"footnotes":""},"categories":[5,14],"tags":[],"class_list":{"0":"post-237419","1":"post","2":"type-post","3":"status-publish","4":"format-standard","5":"has-post-thumbnail","7":"category-destacado","8":"category-tecnologia"},"_links":{"self":[{"href":"https:\/\/elluchador.info\/index.php?rest_route=\/wp\/v2\/posts\/237419","targetHints":{"allow":["GET"]}}],"collection":[{"href":"https:\/\/elluchador.info\/index.php?rest_route=\/wp\/v2\/posts"}],"about":[{"href":"https:\/\/elluchador.info\/index.php?rest_route=\/wp\/v2\/types\/post"}],"author":[{"embeddable":true,"href":"https:\/\/elluchador.info\/index.php?rest_route=\/wp\/v2\/users\/33"}],"replies":[{"embeddable":true,"href":"https:\/\/elluchador.info\/index.php?rest_route=%2Fwp%2Fv2%2Fcomments&post=237419"}],"version-history":[{"count":1,"href":"https:\/\/elluchador.info\/index.php?rest_route=\/wp\/v2\/posts\/237419\/revisions"}],"predecessor-version":[{"id":237421,"href":"https:\/\/elluchador.info\/index.php?rest_route=\/wp\/v2\/posts\/237419\/revisions\/237421"}],"wp:featuredmedia":[{"embeddable":true,"href":"https:\/\/elluchador.info\/index.php?rest_route=\/wp\/v2\/media\/237420"}],"wp:attachment":[{"href":"https:\/\/elluchador.info\/index.php?rest_route=%2Fwp%2Fv2%2Fmedia&parent=237419"}],"wp:term":[{"taxonomy":"category","embeddable":true,"href":"https:\/\/elluchador.info\/index.php?rest_route=%2Fwp%2Fv2%2Fcategories&post=237419"},{"taxonomy":"post_tag","embeddable":true,"href":"https:\/\/elluchador.info\/index.php?rest_route=%2Fwp%2Fv2%2Ftags&post=237419"}],"curies":[{"name":"wp","href":"https:\/\/api.w.org\/{rel}","templated":true}]}}