{"id":237438,"date":"2023-01-26T19:04:15","date_gmt":"2023-01-26T23:04:15","guid":{"rendered":"https:\/\/elluchador.info\/web\/?p=237438"},"modified":"2023-01-26T19:04:15","modified_gmt":"2023-01-26T23:04:15","slug":"sabes-que-es-la-fiebre-mediterranea-familiar","status":"publish","type":"post","link":"https:\/\/elluchador.info\/?p=237438","title":{"rendered":"\u00bfSabes qu\u00e9 es la fiebre mediterr\u00e1nea familiar?"},"content":{"rendered":"<p>La\u00a0fiebre mediterr\u00e1nea familiar\u00a0es la m\u00e1s frecuente de todas las enfermedades\u00a0autoinflamatorias monog\u00e9nicas.<\/p>\n<p>De hecho, a nivel mundial, su prevalencia se estima en 1-3 casos por cada 10.000 habitantes, seg\u00fan apunta la\u00a0Sociedad Espa\u00f1ola de Reumatolog\u00eda (SER).<\/p>\n<h2 class=\"wp-block-heading\">\u00bfCu\u00e1l es la causa de la enfermedad?<\/h2>\n<p>La fiebre mediterr\u00e1nea familiar es un trastorno poco com\u00fan que se transmite de padres a hijos, por lo que es de\u00a0car\u00e1cter hereditario.<\/p>\n<blockquote class=\"wp-block-quote\"><p>\u201cAunque en su desarrollo y variabilidad cl\u00ednica intervienen muchos factores, el mecanismo fundamental que subyace en esta enfermedad es una mutaci\u00f3n patog\u00e9nica en el gen MEFV, heredada de los progenitores, aunque est\u00e9n sanos\u201d, explica la\u00a0doctora Eztizen Labrador, reumat\u00f3loga del Complejo Hospitalario San Mill\u00e1n-San Pedro de La Rioja.<\/p><\/blockquote>\n<p>Este\u00a0gen\u00a0crea una prote\u00edna involucrada en el control de la inflamaci\u00f3n. Y la enfermedad aparece en las personas que recibieron dos copias del gen alterado, una por cada padre.<\/p>\n<h2 class=\"wp-block-heading\">Sintomatolog\u00eda<\/h2>\n<p>Entre los\u00a0s\u00edntomas\u00a0m\u00e1s caracter\u00edsticos de esta enfermedad, se encuentran:<\/p>\n<ul>\n<li>Fiebre recurrente.<\/li>\n<li>Dolores articulares y musculares.<\/li>\n<li>Serositis\u00a0(inflamaci\u00f3n dolorosa en el t\u00f3rax y abdomen).<\/li>\n<\/ul>\n<p>Generalmente, los brotes duran pocos d\u00edas, pero aparecen de manera peri\u00f3dica.<\/p>\n<p>Adem\u00e1s, al ser una\u00a0patolog\u00eda sist\u00e9mica\u00a0puede afectar a cualquier \u00f3rgano y producir una sintomatolog\u00eda diversa.<\/p>\n<h2 class=\"wp-block-heading\">Diagn\u00f3stico<\/h2>\n<p>Las manifestaciones cl\u00ednicas se suelen iniciar de manera general durante la infancia y la adolescencia; sin embargo, el diagn\u00f3stico puede llegar a demorarse hasta la edad adulta.<\/p>\n<p>El diagn\u00f3stico temprano y un tratamiento precoz evita una de las\u00a0complicaciones\u00a0m\u00e1s frecuentes de esta enfermedad: la\u00a0amiloidosis secundaria.<\/p>\n<p>Esta se caracteriza por la acumulaci\u00f3n de la\u00a0prote\u00edna amiloide A\u00a0en el coraz\u00f3n, ri\u00f1ones, h\u00edgado o sistema nervioso, pudiendo llegar a causar\u00a0da\u00f1o org\u00e1nico.<\/p>\n<h2 class=\"wp-block-heading\">\u00bfEn qu\u00e9 consiste el tratamiento?<\/h2>\n<p>La terapia est\u00e1ndar se basa en el uso de la\u00a0colchicina, que adem\u00e1s de reducir o eliminar los brotes, disminuye el riesgo de desarrollar amiloidosis.<\/p>\n<p>En el caso de algunos pacientes que no toleran el f\u00e1rmaco o que no responden correctamente, se pueden administrar otros medicamentos que bloquean la\u00a0prote\u00edna interleucina-1\u00a0(encargada de elaborar los gl\u00f3bulos blancos).<\/p>\n<blockquote class=\"wp-block-quote\"><p>En cuanto al seguimiento de la enfermedad, \u201clas revisiones peri\u00f3dicas con el reumat\u00f3logo y otros especialistas son claves para lograr la remisi\u00f3n cl\u00ednica y una mejor calidad de vida\u201d, afirma la doctora Labrador.<\/p><\/blockquote>\n<p>A pesar de tener tratamiento, la enfermedad no tiene cura hasta el momento, por lo que los afectados tendr\u00e1n que seguir conviviendo con ella.<\/p>\n<h2 class=\"wp-block-heading\">\u2018Ponle nombre al Reuma\u2019<\/h2>\n<p>La\u00a0SER\u00a0ha elaborado un v\u00eddeo sobre la fiebre mediterr\u00e1nea familiar con la colaboraci\u00f3n de la\u00a0Asociaci\u00f3n Espa\u00f1ola de Fiebre Mediterr\u00e1nea Familiar y S\u00edndromes Autoinflamatorios (StopFMF), con el objetivo de visibilizar la enfermedad entre la poblaci\u00f3n.<\/p>\n<p>El v\u00eddeo, enmarcado en la campa\u00f1a de concienciaci\u00f3n \u2018Ponle nombre al Reuma\u2019, explica en qu\u00e9 consiste esta patolog\u00eda y hace un repaso por los aspectos m\u00e1s importantes.<\/p>\n<p>EfeSalud<\/p>\n","protected":false},"excerpt":{"rendered":"<p>La\u00a0fiebre mediterr\u00e1nea familiar\u00a0es la m\u00e1s frecuente de todas las enfermedades\u00a0autoinflamatorias monog\u00e9nicas. De hecho, a nivel mundial, su prevalencia se estima en 1-3 casos por cada 10.000 habitantes, seg\u00fan apunta la\u00a0Sociedad Espa\u00f1ola de Reumatolog\u00eda (SER). \u00bfCu\u00e1l es la causa de la enfermedad? La fiebre mediterr\u00e1nea familiar es un trastorno poco com\u00fan que se transmite de padres [&hellip;]<\/p>\n","protected":false},"author":19,"featured_media":237439,"comment_status":"closed","ping_status":"closed","sticky":false,"template":"","format":"standard","meta":{"footnotes":""},"categories":[19],"tags":[],"class_list":{"0":"post-237438","1":"post","2":"type-post","3":"status-publish","4":"format-standard","5":"has-post-thumbnail","7":"category-salud"},"_links":{"self":[{"href":"https:\/\/elluchador.info\/index.php?rest_route=\/wp\/v2\/posts\/237438","targetHints":{"allow":["GET"]}}],"collection":[{"href":"https:\/\/elluchador.info\/index.php?rest_route=\/wp\/v2\/posts"}],"about":[{"href":"https:\/\/elluchador.info\/index.php?rest_route=\/wp\/v2\/types\/post"}],"author":[{"embeddable":true,"href":"https:\/\/elluchador.info\/index.php?rest_route=\/wp\/v2\/users\/19"}],"replies":[{"embeddable":true,"href":"https:\/\/elluchador.info\/index.php?rest_route=%2Fwp%2Fv2%2Fcomments&post=237438"}],"version-history":[{"count":1,"href":"https:\/\/elluchador.info\/index.php?rest_route=\/wp\/v2\/posts\/237438\/revisions"}],"predecessor-version":[{"id":237440,"href":"https:\/\/elluchador.info\/index.php?rest_route=\/wp\/v2\/posts\/237438\/revisions\/237440"}],"wp:featuredmedia":[{"embeddable":true,"href":"https:\/\/elluchador.info\/index.php?rest_route=\/wp\/v2\/media\/237439"}],"wp:attachment":[{"href":"https:\/\/elluchador.info\/index.php?rest_route=%2Fwp%2Fv2%2Fmedia&parent=237438"}],"wp:term":[{"taxonomy":"category","embeddable":true,"href":"https:\/\/elluchador.info\/index.php?rest_route=%2Fwp%2Fv2%2Fcategories&post=237438"},{"taxonomy":"post_tag","embeddable":true,"href":"https:\/\/elluchador.info\/index.php?rest_route=%2Fwp%2Fv2%2Ftags&post=237438"}],"curies":[{"name":"wp","href":"https:\/\/api.w.org\/{rel}","templated":true}]}}