{"id":237447,"date":"2023-01-26T19:14:09","date_gmt":"2023-01-26T23:14:09","guid":{"rendered":"https:\/\/elluchador.info\/web\/?p=237447"},"modified":"2023-01-26T19:14:09","modified_gmt":"2023-01-26T23:14:09","slug":"mineros-de-guayana-volvio-a-los-entrenamientos","status":"publish","type":"post","link":"https:\/\/elluchador.info\/?p=237447","title":{"rendered":"Mineros de Guayana volvi\u00f3 a los entrenamientos"},"content":{"rendered":"<p>El plazo establecido por la Federaci\u00f3n Venezolana de F\u00fatbol para que los equipos de primera divisi\u00f3n se pusieran al d\u00eda, sac\u00f3 de las sombras a Mineros de Guayana.<\/p>\n<p>La FVF estableci\u00f3 la noche de hoy como la fecha l\u00edmite para que los clubes que aspiran a disputar el venidero campeonato de primera divisi\u00f3n entreguen los documentos y la solvencia econ\u00f3micas, a fin de renovar la Licencia de Clubes.<\/p>\n<p>Mineros era uno de los cuatro equipos en riesgo de quedar fuera del venidero torneo, en virtud de que su actual directiva no hab\u00eda dado se\u00f1ales de que continuar\u00eda respaldado esta instituci\u00f3n deportiva con 41 a\u00f1os de historia en el f\u00fatbol venezolano.<\/p>\n<p>Pero el cuadro negriazul se reactiv\u00f3 ayer, cuando inici\u00f3 su pretemporada en la Ciudad Deportivo con la presencia de la plantilla integrada por Denilson Ojeda, Jes\u00fas Lara, Samuel Vanegas, Danny Hern\u00e1ndez, Ren\u00e9 Flores, Karin Saab, Yanier Rodr\u00edguez, Adri\u00e1n Rodr\u00edguez, Jorbert Trillo, Sebasti\u00e1n Jaimes, Andr\u00e9s Saavedra, V\u00edctor Navas, Tom\u00e1s Zamora, Jos\u00e9 Batista, \u00c1ngel Lezama, Alberth Valenzuela, Pedro Zaragoza, Diego Roca, Alexander Acevedo y Gilberto Pildain.<\/p>\n<p>El cuerpo t\u00e9cnico comandado provisionalmente por el profesor El\u00edas Emmons estuvo al frente de la primera sesi\u00f3n de entrenamientos, en la que se hizo \u00e9nfasis en el acondicionamiento f\u00edsico de los jugadores.<\/p>\n<p>El vicepresidente de Mineros, el general Julio Fuentes Manzuli, dio la cara por la directiva del equipo y asegur\u00f3 que este a\u00f1o ser\u00e1 de renovaci\u00f3n para la entidad deportiva.<\/p>\n<p>Asegur\u00f3 que gracias al aporte de la Gobernaci\u00f3n de Bol\u00edvar, la Alcald\u00eda de Caron\u00ed, la Corporaci\u00f3n Venezolana de Guayana y la Corporaci\u00f3n Venezolana de Miner\u00eda, la llamada \u201cPandilla del sur\u201d afrontar\u00e1 el campeonato.<\/p>\n<p>Manzuli confirm\u00f3 la salida del empresario Richard Antun de la presidencia de Mineros, y agradeci\u00f3 el firme respaldo econ\u00f3mico que aport\u00f3 al f\u00fatbol guayan\u00e9s. \u201cMediante su labor recuperamos totalmente el CTE de Cachamay y pudimos organizar el partido de la eliminatoria mundialista entre Venezuela y Colombia con una inversi\u00f3n superior al mill\u00f3n de d\u00f3lares\u201d, enfatiz\u00f3 en declaraciones ofrecidas a los medios de la ciudad.<\/p>\n<p>Mineros qued\u00f3 en el puesto 13 en el pasado campeonato y para esta nueva temporada depender\u00e1 de una plantilla joven, encabezada por el vinotinto sub-20, Bryan Alc\u00f3cer, la mayor promesa de gol en el ataque de los negriazules.<\/p>\n<p>L\u00edder<\/p>\n","protected":false},"excerpt":{"rendered":"<p>El plazo establecido por la Federaci\u00f3n Venezolana de F\u00fatbol para que los equipos de primera divisi\u00f3n se pusieran al d\u00eda, sac\u00f3 de las sombras a Mineros de Guayana. La FVF estableci\u00f3 la noche de hoy como la fecha l\u00edmite para que los clubes que aspiran a disputar el venidero campeonato de primera divisi\u00f3n entreguen los [&hellip;]<\/p>\n","protected":false},"author":19,"featured_media":237448,"comment_status":"closed","ping_status":"closed","sticky":false,"template":"","format":"standard","meta":{"footnotes":""},"categories":[4],"tags":[],"class_list":{"0":"post-237447","1":"post","2":"type-post","3":"status-publish","4":"format-standard","5":"has-post-thumbnail","7":"category-deportes"},"_links":{"self":[{"href":"https:\/\/elluchador.info\/index.php?rest_route=\/wp\/v2\/posts\/237447","targetHints":{"allow":["GET"]}}],"collection":[{"href":"https:\/\/elluchador.info\/index.php?rest_route=\/wp\/v2\/posts"}],"about":[{"href":"https:\/\/elluchador.info\/index.php?rest_route=\/wp\/v2\/types\/post"}],"author":[{"embeddable":true,"href":"https:\/\/elluchador.info\/index.php?rest_route=\/wp\/v2\/users\/19"}],"replies":[{"embeddable":true,"href":"https:\/\/elluchador.info\/index.php?rest_route=%2Fwp%2Fv2%2Fcomments&post=237447"}],"version-history":[{"count":1,"href":"https:\/\/elluchador.info\/index.php?rest_route=\/wp\/v2\/posts\/237447\/revisions"}],"predecessor-version":[{"id":237449,"href":"https:\/\/elluchador.info\/index.php?rest_route=\/wp\/v2\/posts\/237447\/revisions\/237449"}],"wp:featuredmedia":[{"embeddable":true,"href":"https:\/\/elluchador.info\/index.php?rest_route=\/wp\/v2\/media\/237448"}],"wp:attachment":[{"href":"https:\/\/elluchador.info\/index.php?rest_route=%2Fwp%2Fv2%2Fmedia&parent=237447"}],"wp:term":[{"taxonomy":"category","embeddable":true,"href":"https:\/\/elluchador.info\/index.php?rest_route=%2Fwp%2Fv2%2Fcategories&post=237447"},{"taxonomy":"post_tag","embeddable":true,"href":"https:\/\/elluchador.info\/index.php?rest_route=%2Fwp%2Fv2%2Ftags&post=237447"}],"curies":[{"name":"wp","href":"https:\/\/api.w.org\/{rel}","templated":true}]}}