{"id":237450,"date":"2023-01-26T19:16:27","date_gmt":"2023-01-26T23:16:27","guid":{"rendered":"https:\/\/elluchador.info\/web\/?p=237450"},"modified":"2023-01-26T19:16:27","modified_gmt":"2023-01-26T23:16:27","slug":"laliga-condena-los-actos-de-odio-contra-vinicius-y-pide-una-investigacion-2","status":"publish","type":"post","link":"https:\/\/elluchador.info\/?p=237450","title":{"rendered":"LaLiga condena los actos de odio contra Vinicius y pide una investigaci\u00f3n"},"content":{"rendered":"<p>LaLiga y su presidente, Javier Tebas, condenaron en\u00e9rgicamente los actos de odio e intimidaci\u00f3n contra el jugador brasile\u00f1o del Real Madrid Vinicius y anunci\u00f3 que desde el organismo se instar\u00e1 la investigaci\u00f3n de los hechos por las fuerzas y cuerpos de seguridad del estado.<\/p>\n<p>\u00abUn mensaje a aquellos que os ampar\u00e1is en la noche para cometer delitos de odio, os localizaremos, conseguiremos condenas, para que termin\u00e9is en la c\u00e1rcel, que es donde deb\u00e9is estar.\u00a1\u00a1\u00a1 BASTA YA!!!\u00bb, escribi\u00f3 el presidente del organismo, Javier Tebas, en redes sociales.<\/p>\n<p>LaLiga conden\u00f3 los actos de odio e intimidaci\u00f3n contra Vinicius Jr y asegur\u00f3 que \u00abla intolerancia y la violencia no tiene cabida en nuestro deporte\u00bb.<\/p>\n<p>\u00abDesde LaLiga, como en ocasiones anteriores, se instar\u00e1 la investigaci\u00f3n de los hechos por las fuerzas y cuerpos de seguridad del estado, en busca de la condena de los responsables y solicitando las sanciones penales m\u00e1s severas\u00bb, asegur\u00f3 el organismo en un comunicado.<\/p>\n<p>La condena de LaLiga se sum\u00f3 a otras como la del Atl\u00e9tico de Madrid, el Real Madrid, la Asociaci\u00f3n de Futbolistas Espa\u00f1oles (AFE) y el Movimiento contra la Intolerancia, despu\u00e9s de la aparici\u00f3n de una pancarta y un mu\u00f1eco colgado de un puente de una carretera madrile\u00f1a con la camiseta del jugador madridista, horas antes del derbi de esta noche en los cuartos de final de la Copa del Rey en el estadio Santiago Bernab\u00e9u.<\/p>\n<p>La Asociaci\u00f3n de Futbolistas Espa\u00f1oles (AFE) conden\u00f3 el \u00abinadmisible episodio, que constituye un delito de odio\u00bb y anunci\u00f3 que se personar\u00e1 como acusaci\u00f3n particular en cualquier causa que se abra sobre los hechos.<\/p>\n<p>EFE<\/p>\n","protected":false},"excerpt":{"rendered":"<p>LaLiga y su presidente, Javier Tebas, condenaron en\u00e9rgicamente los actos de odio e intimidaci\u00f3n contra el jugador brasile\u00f1o del Real Madrid Vinicius y anunci\u00f3 que desde el organismo se instar\u00e1 la investigaci\u00f3n de los hechos por las fuerzas y cuerpos de seguridad del estado. \u00abUn mensaje a aquellos que os ampar\u00e1is en la noche para [&hellip;]<\/p>\n","protected":false},"author":19,"featured_media":237451,"comment_status":"closed","ping_status":"closed","sticky":false,"template":"","format":"standard","meta":{"footnotes":""},"categories":[4],"tags":[],"class_list":{"0":"post-237450","1":"post","2":"type-post","3":"status-publish","4":"format-standard","5":"has-post-thumbnail","7":"category-deportes"},"_links":{"self":[{"href":"https:\/\/elluchador.info\/index.php?rest_route=\/wp\/v2\/posts\/237450","targetHints":{"allow":["GET"]}}],"collection":[{"href":"https:\/\/elluchador.info\/index.php?rest_route=\/wp\/v2\/posts"}],"about":[{"href":"https:\/\/elluchador.info\/index.php?rest_route=\/wp\/v2\/types\/post"}],"author":[{"embeddable":true,"href":"https:\/\/elluchador.info\/index.php?rest_route=\/wp\/v2\/users\/19"}],"replies":[{"embeddable":true,"href":"https:\/\/elluchador.info\/index.php?rest_route=%2Fwp%2Fv2%2Fcomments&post=237450"}],"version-history":[{"count":1,"href":"https:\/\/elluchador.info\/index.php?rest_route=\/wp\/v2\/posts\/237450\/revisions"}],"predecessor-version":[{"id":237452,"href":"https:\/\/elluchador.info\/index.php?rest_route=\/wp\/v2\/posts\/237450\/revisions\/237452"}],"wp:featuredmedia":[{"embeddable":true,"href":"https:\/\/elluchador.info\/index.php?rest_route=\/wp\/v2\/media\/237451"}],"wp:attachment":[{"href":"https:\/\/elluchador.info\/index.php?rest_route=%2Fwp%2Fv2%2Fmedia&parent=237450"}],"wp:term":[{"taxonomy":"category","embeddable":true,"href":"https:\/\/elluchador.info\/index.php?rest_route=%2Fwp%2Fv2%2Fcategories&post=237450"},{"taxonomy":"post_tag","embeddable":true,"href":"https:\/\/elluchador.info\/index.php?rest_route=%2Fwp%2Fv2%2Ftags&post=237450"}],"curies":[{"name":"wp","href":"https:\/\/api.w.org\/{rel}","templated":true}]}}