{"id":237457,"date":"2023-01-26T19:37:49","date_gmt":"2023-01-26T23:37:49","guid":{"rendered":"https:\/\/elluchador.info\/web\/?p=237457"},"modified":"2023-01-26T19:37:49","modified_gmt":"2023-01-26T23:37:49","slug":"costa-rica-anuncia-el-restablecimiento-de-relaciones-consulares-con-venezuela","status":"publish","type":"post","link":"https:\/\/elluchador.info\/?p=237457","title":{"rendered":"Costa Rica anuncia el restablecimiento de relaciones consulares con Venezuela"},"content":{"rendered":"<p>El presidente de Costa Rica, Rodrigo Chaves, anunci\u00f3 este mi\u00e9rcoles que el pa\u00eds restablecer\u00e1 las relaciones consulares con Venezuela, debido a la cantidad de migrantes que requieren de esta asistencia.<\/p>\n<p>En una conferencia de prensa posterior al Consejo de Gobierno, Chaves indic\u00f3 que actualmente existen unos 25.000 venezolanos que cuentan con expediente en la Direcci\u00f3n de Migraci\u00f3n, pero existen alrededor de 94.000 solicitudes pendientes, aunque muchos de ellos ya se fueron del pa\u00eds, otros requieren de asistencia consular.<\/p>\n<p>\u00abUna vez cancelado el gobierno de Juan Guaid\u00f3, vamos a regularizar las relaciones consulares para que esos venezolanos tengan quien les organice sus necesidades y que los costarricenses en Caracas tengan apoyo consultar, posiblemente, a trav\u00e9s de un tercer pa\u00eds y as\u00ed evitamos gastos presupuestarios\u00bb, explic\u00f3 el canciller Arnoldo Andr\u00e9.<\/p>\n<p>Costa Rica rompi\u00f3 sus relaciones con Venezuela en 2020 despu\u00e9s de que el Gobierno de Nicol\u00e1s Maduro retirara las credenciales al entonces encargado de negocios costarricense en Caracas, Danilo Gonz\u00e1lez, quien era el representante de m\u00e1s alto rango.<\/p>\n<p>\u00abLa posici\u00f3n diplom\u00e1tica no est\u00e1 cambiando, lo que queremos es por temas de derechos humanos y bienestar de las personas, para que tengan acceso a servicios. Es restablecer relaciones consulares, no hagan interpretaciones que van m\u00e1s all\u00e1 de eso\u00bb, manifest\u00f3 Chaves.<\/p>\n<p>EFE<\/p>\n<p>Costa Rica<\/p>\n","protected":false},"excerpt":{"rendered":"<p>El presidente de Costa Rica, Rodrigo Chaves, anunci\u00f3 este mi\u00e9rcoles que el pa\u00eds restablecer\u00e1 las relaciones consulares con Venezuela, debido a la cantidad de migrantes que requieren de esta asistencia. En una conferencia de prensa posterior al Consejo de Gobierno, Chaves indic\u00f3 que actualmente existen unos 25.000 venezolanos que cuentan con expediente en la Direcci\u00f3n [&hellip;]<\/p>\n","protected":false},"author":19,"featured_media":237458,"comment_status":"closed","ping_status":"closed","sticky":false,"template":"","format":"standard","meta":{"footnotes":""},"categories":[9],"tags":[],"class_list":{"0":"post-237457","1":"post","2":"type-post","3":"status-publish","4":"format-standard","5":"has-post-thumbnail","7":"category-nacionales"},"_links":{"self":[{"href":"https:\/\/elluchador.info\/index.php?rest_route=\/wp\/v2\/posts\/237457","targetHints":{"allow":["GET"]}}],"collection":[{"href":"https:\/\/elluchador.info\/index.php?rest_route=\/wp\/v2\/posts"}],"about":[{"href":"https:\/\/elluchador.info\/index.php?rest_route=\/wp\/v2\/types\/post"}],"author":[{"embeddable":true,"href":"https:\/\/elluchador.info\/index.php?rest_route=\/wp\/v2\/users\/19"}],"replies":[{"embeddable":true,"href":"https:\/\/elluchador.info\/index.php?rest_route=%2Fwp%2Fv2%2Fcomments&post=237457"}],"version-history":[{"count":1,"href":"https:\/\/elluchador.info\/index.php?rest_route=\/wp\/v2\/posts\/237457\/revisions"}],"predecessor-version":[{"id":237459,"href":"https:\/\/elluchador.info\/index.php?rest_route=\/wp\/v2\/posts\/237457\/revisions\/237459"}],"wp:featuredmedia":[{"embeddable":true,"href":"https:\/\/elluchador.info\/index.php?rest_route=\/wp\/v2\/media\/237458"}],"wp:attachment":[{"href":"https:\/\/elluchador.info\/index.php?rest_route=%2Fwp%2Fv2%2Fmedia&parent=237457"}],"wp:term":[{"taxonomy":"category","embeddable":true,"href":"https:\/\/elluchador.info\/index.php?rest_route=%2Fwp%2Fv2%2Fcategories&post=237457"},{"taxonomy":"post_tag","embeddable":true,"href":"https:\/\/elluchador.info\/index.php?rest_route=%2Fwp%2Fv2%2Ftags&post=237457"}],"curies":[{"name":"wp","href":"https:\/\/api.w.org\/{rel}","templated":true}]}}