{"id":237927,"date":"2023-01-31T11:43:36","date_gmt":"2023-01-31T15:43:36","guid":{"rendered":"https:\/\/elluchador.info\/web\/?p=237927"},"modified":"2023-01-31T11:43:36","modified_gmt":"2023-01-31T15:43:36","slug":"mons-helizandro-teran-tomara-posesion-como-arzobispo-de-merida-el-siete-de-febrero","status":"publish","type":"post","link":"https:\/\/elluchador.info\/?p=237927","title":{"rendered":"Mons. Helizandro Ter\u00e1n tomar\u00e1 posesi\u00f3n como arzobispo de M\u00e9rida el siete de febrero"},"content":{"rendered":"<p>El Cardenal, Arzobispo Metropolitano de la Arquidi\u00f3cesis de Caracas, Baltazar Porras, inform\u00f3 a trav\u00e9s de su cuenta de Twitter\u00a0 que el pr\u00f3ximo 7 de febrero de 2023, Monse\u00f1or Helizandro Ter\u00e1n tomar\u00e1 posesi\u00f3n como arzobispo de M\u00e9rida.<\/p>\n<p>Mons. Helizandro Ter\u00e1n Berm\u00fadez naci\u00f3 en la ciudad de Maracaibo el d\u00eda 7 de junio de 1965. Ingres\u00f3 en la Orden de San Agust\u00edn (OSA) y realiz\u00f3 su primera profesi\u00f3n religiosa en 1992. El 9 de septiembre de 1995, es ordenado presb\u00edtero por Mons. Ovidio P\u00e9rez Morales, en la parroquia Agustiniana Ntra. Sra. Del Perpetuo Socorro, en Maracaibo.<\/p>\n<p>Ya para el a\u00f1o 1996 concluye sus estudios universitarios y obtiene el t\u00edtulo de \u201cLicenciado en Educaci\u00f3n Integral\u201d, otorgado por la Universidad Cat\u00f3lica Cecilio Acosta de Maracaibo. Dos a\u00f1os m\u00e1s tarde en 1998 se recibe como \u201cLicenciado en Teolog\u00eda Dogm\u00e1tica\u201d, por la Pontificia Universidad Gregoriana de Roma (Italia) menci\u00f3n Summa Cum Laude.<\/p>\n<p>Posteriormente, en el a\u00f1o 2000, obtiene el t\u00edtulo de \u201cBaccalaureatum en Filosof\u00eda\u201d por la Pontifica Universidad Salesiana de Roma (Italia), menci\u00f3n Summa Cum Laude. Ya para 2005 defiende su tesis doctoral titulada: \u201cMaria Typus Ecclesiae in Doctrina Sancti Augustini\u201d; obteniendo as\u00ed el grado de \u201cDoctorado en Teolog\u00eda Dogm\u00e1tica\u201d, en 2005, con menci\u00f3n Summa Cum Laude.<\/p>\n<p>En cuanto a su actividad religiosa y profesional, Mons. Ter\u00e1n conoce los idiomas ingl\u00e9s, franc\u00e9s, italiano y alem\u00e1n por lo que se incorpora como Profesor de pregrado en la Facultad de Teolog\u00eda de la Universidad Andr\u00e9s Bello de Caracas en 1999, impartiendo las c\u00e1tedras de Antropolog\u00eda Teol\u00f3gica y Misterio de Dios.<\/p>\n<p>Otros cargos importantes en la vida de Ter\u00e1n destacan que en julio de 1999 es electo Consejero y Secretario Vicarial, formando parte del equipo de gobierno del Vicariato de los Agustinos en Venezuela, para el cuatrienio 1999-2002.<\/p>\n<p>Ejerce la docencia a nivel de bachillerato en el Colegio San Agust\u00edn de Caricuao, a partir del a\u00f1o 2000, y se dedica a la animaci\u00f3n pastoral de los alumnos. En 2006, es nombrado Rector del Colegio San Agust\u00edn de Caricuao. En julio de 2010 es electo Superior Mayor de los Agustinos en Venezuela, para el cuatrienio 2010-2014. El Papa Francisco lo nombr\u00f3 Obispo de la Di\u00f3cesis de Ciudad Guayana el 29 de julio de 2017<\/p>\n<p>Con informaci\u00f3n de www.globovision.com<\/p>\n<p>&nbsp;<\/p>\n","protected":false},"excerpt":{"rendered":"<p>El Cardenal, Arzobispo Metropolitano de la Arquidi\u00f3cesis de Caracas, Baltazar Porras, inform\u00f3 a trav\u00e9s de su cuenta de Twitter\u00a0 que el pr\u00f3ximo 7 de febrero de 2023, Monse\u00f1or Helizandro Ter\u00e1n tomar\u00e1 posesi\u00f3n como arzobispo de M\u00e9rida. Mons. Helizandro Ter\u00e1n Berm\u00fadez naci\u00f3 en la ciudad de Maracaibo el d\u00eda 7 de junio de 1965. Ingres\u00f3 en [&hellip;]<\/p>\n","protected":false},"author":19,"featured_media":237928,"comment_status":"closed","ping_status":"closed","sticky":false,"template":"","format":"standard","meta":{"footnotes":""},"categories":[9],"tags":[],"class_list":{"0":"post-237927","1":"post","2":"type-post","3":"status-publish","4":"format-standard","5":"has-post-thumbnail","7":"category-nacionales"},"_links":{"self":[{"href":"https:\/\/elluchador.info\/index.php?rest_route=\/wp\/v2\/posts\/237927","targetHints":{"allow":["GET"]}}],"collection":[{"href":"https:\/\/elluchador.info\/index.php?rest_route=\/wp\/v2\/posts"}],"about":[{"href":"https:\/\/elluchador.info\/index.php?rest_route=\/wp\/v2\/types\/post"}],"author":[{"embeddable":true,"href":"https:\/\/elluchador.info\/index.php?rest_route=\/wp\/v2\/users\/19"}],"replies":[{"embeddable":true,"href":"https:\/\/elluchador.info\/index.php?rest_route=%2Fwp%2Fv2%2Fcomments&post=237927"}],"version-history":[{"count":1,"href":"https:\/\/elluchador.info\/index.php?rest_route=\/wp\/v2\/posts\/237927\/revisions"}],"predecessor-version":[{"id":237929,"href":"https:\/\/elluchador.info\/index.php?rest_route=\/wp\/v2\/posts\/237927\/revisions\/237929"}],"wp:featuredmedia":[{"embeddable":true,"href":"https:\/\/elluchador.info\/index.php?rest_route=\/wp\/v2\/media\/237928"}],"wp:attachment":[{"href":"https:\/\/elluchador.info\/index.php?rest_route=%2Fwp%2Fv2%2Fmedia&parent=237927"}],"wp:term":[{"taxonomy":"category","embeddable":true,"href":"https:\/\/elluchador.info\/index.php?rest_route=%2Fwp%2Fv2%2Fcategories&post=237927"},{"taxonomy":"post_tag","embeddable":true,"href":"https:\/\/elluchador.info\/index.php?rest_route=%2Fwp%2Fv2%2Ftags&post=237927"}],"curies":[{"name":"wp","href":"https:\/\/api.w.org\/{rel}","templated":true}]}}