{"id":237990,"date":"2023-01-31T18:44:16","date_gmt":"2023-01-31T22:44:16","guid":{"rendered":"https:\/\/elluchador.info\/web\/?p=237990"},"modified":"2023-01-31T18:44:16","modified_gmt":"2023-01-31T22:44:16","slug":"primeras-damas-de-colombia-y-venezuela-se-reunen-para-afianzar-relaciones-de-ambas-naciones","status":"publish","type":"post","link":"https:\/\/elluchador.info\/?p=237990","title":{"rendered":"Primeras damas de Colombia y Venezuela se re\u00fanen para afianzar relaciones de ambas naciones"},"content":{"rendered":"<div>A prop\u00f3sito de su visita al pa\u00eds este martes, la primera dama de Colombia, Ver\u00f3nica Alcocer, fue recibida por la primera combatiente y diputada a la Asamblea Nacional (AN), Cilia Flores de Maduro, en el Palacio de Miraflores, en Caracas.<\/p>\n<p>Esta visita afianza y consolida las relaciones entre ambas naciones, al tiempo que se fortalecen los lazos de cooperaci\u00f3n y complementariedad entre pa\u00edses hermanos.<\/p>\n<p>El encuentro que se produjo en el sal\u00f3n Josefa Camejo, cont\u00f3 con la participaci\u00f3n de la vicepresidenta de la Rep\u00fablica, Delcy Rodr\u00edguez, la ministra del Poder Popular para la Mujer y la Igualdad de G\u00e9nero, Diva Guzm\u00e1n, y el ministro del Poder Popular para la Cultura, Ernesto Villegas.<\/p><\/div>\n<div><\/div>\n<div>\n<div class=\"twitter-tweet twitter-tweet-rendered\"><iframe id=\"twitter-widget-0\" class=\"\" title=\"Twitter Tweet\" src=\"https:\/\/platform.twitter.com\/embed\/Tweet.html?creatorScreenName=eluniversal&amp;dnt=false&amp;embedId=twitter-widget-0&amp;features=eyJ0ZndfdGltZWxpbmVfbGlzdCI6eyJidWNrZXQiOltdLCJ2ZXJzaW9uIjpudWxsfSwidGZ3X2ZvbGxvd2VyX2NvdW50X3N1bnNldCI6eyJidWNrZXQiOnRydWUsInZlcnNpb24iOm51bGx9LCJ0ZndfdHdlZXRfZWRpdF9iYWNrZW5kIjp7ImJ1Y2tldCI6Im9uIiwidmVyc2lvbiI6bnVsbH0sInRmd19yZWZzcmNfc2Vzc2lvbiI6eyJidWNrZXQiOiJvbiIsInZlcnNpb24iOm51bGx9LCJ0Zndfc2hvd19idXNpbmVzc192ZXJpZmllZF9iYWRnZSI6eyJidWNrZXQiOiJvbiIsInZlcnNpb24iOm51bGx9LCJ0ZndfbWl4ZWRfbWVkaWFfMTU4OTciOnsiYnVja2V0IjoidHJlYXRtZW50IiwidmVyc2lvbiI6bnVsbH0sInRmd19leHBlcmltZW50c19jb29raWVfZXhwaXJhdGlvbiI6eyJidWNrZXQiOjEyMDk2MDAsInZlcnNpb24iOm51bGx9LCJ0ZndfZHVwbGljYXRlX3NjcmliZXNfdG9fc2V0dGluZ3MiOnsiYnVja2V0Ijoib24iLCJ2ZXJzaW9uIjpudWxsfSwidGZ3X3ZpZGVvX2hsc19keW5hbWljX21hbmlmZXN0c18xNTA4MiI6eyJidWNrZXQiOiJ0cnVlX2JpdHJhdGUiLCJ2ZXJzaW9uIjpudWxsfSwidGZ3X3Nob3dfYmx1ZV92ZXJpZmllZF9iYWRnZSI6eyJidWNrZXQiOiJvbiIsInZlcnNpb24iOm51bGx9LCJ0ZndfbGVnYWN5X3RpbWVsaW5lX3N1bnNldCI6eyJidWNrZXQiOnRydWUsInZlcnNpb24iOm51bGx9LCJ0Zndfc2hvd19nb3ZfdmVyaWZpZWRfYmFkZ2UiOnsiYnVja2V0Ijoib24iLCJ2ZXJzaW9uIjpudWxsfSwidGZ3X3Nob3dfYnVzaW5lc3NfYWZmaWxpYXRlX2JhZGdlIjp7ImJ1Y2tldCI6Im9uIiwidmVyc2lvbiI6bnVsbH0sInRmd190d2VldF9lZGl0X2Zyb250ZW5kIjp7ImJ1Y2tldCI6Im9uIiwidmVyc2lvbiI6bnVsbH19&amp;frame=false&amp;hideCard=false&amp;hideThread=false&amp;id=1620473224831332352&amp;lang=es&amp;origin=https%3A%2F%2Fwww.eluniversal.com%2Fpolitica%2F148038%2Fprimeras-damas-de-colombia-y-venezuela-se-reunen-para-afianzar-relaciones-de-ambas-naciones&amp;sessionId=a7a65917fc813eb12f90c20a5988bba3d40752d1&amp;siteScreenName=eluniversal&amp;theme=light&amp;widgetsVersion=aaf4084522e3a%3A1674595607486&amp;width=550px\" frameborder=\"0\" scrolling=\"no\" allowfullscreen=\"allowfullscreen\" data-tweet-id=\"1620473224831332352\" data-mce-fragment=\"1\"><\/iframe><\/div>\n<\/div>\n<div>Alcocer fue acompa\u00f1ada por Jorge Ignacio Zorro, viceministro de Cultura de Colombia, Manuel Grau Pujadas, asesor del Despacho, y las invitadas especiales Clara Leyva y Mar\u00eda del Pilar Leyva.<\/div>\n<div>\nA finales del a\u00f1o pasado Venezuela y Colombia reanudaron sus relaciones diplom\u00e1ticas como parte de la consolidaci\u00f3n y fortalecimiento de las relaciones bilaterales, despu\u00e9s de la victoria electoral de Gustavo Petro en nuestro pa\u00eds vecino.<\/p>\n<p>Asimismo, el 1\u00b0 de enero de 2023 se realiz\u00f3 la reapertura del Puente Binacional \u201cAtanasio Girardot\u201d, tambi\u00e9n conocido como \u201cTienditas\u201d, que hab\u00eda estado cerrado durante casi siete a\u00f1os.<\/p><\/div>\n<div><\/div>\n<div><b>VISITA AL SISTEMA<\/b><\/div>\n<div><\/div>\n<div>En compa\u00f1\u00eda de la primera combatiente y diputada de la Asamblea Nacional, la primera dama de la Rep\u00fablica de Colombia, asisti\u00f3 este martes a un acto cultural en el Centro Nacional de Acci\u00f3n Social por la M\u00fasica (CNASPM), a prop\u00f3sito de la agenda de actividades que cumple en el contexto de su primera visita a Venezuela.<\/p>\n<p>El acto cultural comprendi\u00f3 la presentaci\u00f3n musical de la Orquesta Sinf\u00f3nica Sim\u00f3n Bol\u00edvar, ni\u00f1os cantores de Piso Negro, la Orquesta Alma Llanera, Caracas Big Bam, entre otras agrupaciones.<\/p><\/div>\n<div><\/div>\n<div>\n<div class=\"twitter-tweet twitter-tweet-rendered\"><iframe id=\"twitter-widget-1\" class=\"\" title=\"Twitter Tweet\" src=\"https:\/\/platform.twitter.com\/embed\/Tweet.html?creatorScreenName=eluniversal&amp;dnt=false&amp;embedId=twitter-widget-1&amp;features=eyJ0ZndfdGltZWxpbmVfbGlzdCI6eyJidWNrZXQiOltdLCJ2ZXJzaW9uIjpudWxsfSwidGZ3X2ZvbGxvd2VyX2NvdW50X3N1bnNldCI6eyJidWNrZXQiOnRydWUsInZlcnNpb24iOm51bGx9LCJ0ZndfdHdlZXRfZWRpdF9iYWNrZW5kIjp7ImJ1Y2tldCI6Im9uIiwidmVyc2lvbiI6bnVsbH0sInRmd19yZWZzcmNfc2Vzc2lvbiI6eyJidWNrZXQiOiJvbiIsInZlcnNpb24iOm51bGx9LCJ0Zndfc2hvd19idXNpbmVzc192ZXJpZmllZF9iYWRnZSI6eyJidWNrZXQiOiJvbiIsInZlcnNpb24iOm51bGx9LCJ0ZndfbWl4ZWRfbWVkaWFfMTU4OTciOnsiYnVja2V0IjoidHJlYXRtZW50IiwidmVyc2lvbiI6bnVsbH0sInRmd19leHBlcmltZW50c19jb29raWVfZXhwaXJhdGlvbiI6eyJidWNrZXQiOjEyMDk2MDAsInZlcnNpb24iOm51bGx9LCJ0ZndfZHVwbGljYXRlX3NjcmliZXNfdG9fc2V0dGluZ3MiOnsiYnVja2V0Ijoib24iLCJ2ZXJzaW9uIjpudWxsfSwidGZ3X3ZpZGVvX2hsc19keW5hbWljX21hbmlmZXN0c18xNTA4MiI6eyJidWNrZXQiOiJ0cnVlX2JpdHJhdGUiLCJ2ZXJzaW9uIjpudWxsfSwidGZ3X3Nob3dfYmx1ZV92ZXJpZmllZF9iYWRnZSI6eyJidWNrZXQiOiJvbiIsInZlcnNpb24iOm51bGx9LCJ0ZndfbGVnYWN5X3RpbWVsaW5lX3N1bnNldCI6eyJidWNrZXQiOnRydWUsInZlcnNpb24iOm51bGx9LCJ0Zndfc2hvd19nb3ZfdmVyaWZpZWRfYmFkZ2UiOnsiYnVja2V0Ijoib24iLCJ2ZXJzaW9uIjpudWxsfSwidGZ3X3Nob3dfYnVzaW5lc3NfYWZmaWxpYXRlX2JhZGdlIjp7ImJ1Y2tldCI6Im9uIiwidmVyc2lvbiI6bnVsbH0sInRmd190d2VldF9lZGl0X2Zyb250ZW5kIjp7ImJ1Y2tldCI6Im9uIiwidmVyc2lvbiI6bnVsbH19&amp;frame=false&amp;hideCard=false&amp;hideThread=false&amp;id=1620471171664986112&amp;lang=es&amp;origin=https%3A%2F%2Fwww.eluniversal.com%2Fpolitica%2F148038%2Fprimeras-damas-de-colombia-y-venezuela-se-reunen-para-afianzar-relaciones-de-ambas-naciones&amp;sessionId=a7a65917fc813eb12f90c20a5988bba3d40752d1&amp;siteScreenName=eluniversal&amp;theme=light&amp;widgetsVersion=aaf4084522e3a%3A1674595607486&amp;width=550px\" frameborder=\"0\" scrolling=\"no\" allowfullscreen=\"allowfullscreen\" data-tweet-id=\"1620471171664986112\" data-mce-fragment=\"1\"><\/iframe><\/div>\n<p>A comienzos de noviembre, Alcocer presidi\u00f3 la junta directiva del Instituto Colombiano de Bienestar Familiar (ICBF), y acompa\u00f1\u00f3 a las v\u00edctimas durante la emergencia ocasionada por las constantes lluvias en Cartagena, adem\u00e1s de encabezar un Puesto de Mando Unificado en compa\u00f1\u00eda del ministro del interior de su pa\u00eds y dem\u00e1s autoridades colombianas.<\/p>\n<p>Desde el 14 de septiembre de 2023, Alcocer ha representado a su pa\u00eds en distintas actividades internacionales, esto en representaci\u00f3n del Gobierno colombiano, seg\u00fan decreto 1.893 emanado desde la Casa de Nari\u00f1o.<\/p><\/div>\n<div><\/div>\n<div>Universal<\/div>\n","protected":false},"excerpt":{"rendered":"<p>A prop\u00f3sito de su visita al pa\u00eds este martes, la primera dama de Colombia, Ver\u00f3nica Alcocer, fue recibida por la primera combatiente y diputada a la Asamblea Nacional (AN), Cilia Flores de Maduro, en el Palacio de Miraflores, en Caracas. Esta visita afianza y consolida las relaciones entre ambas naciones, al tiempo que se fortalecen [&hellip;]<\/p>\n","protected":false},"author":19,"featured_media":237991,"comment_status":"closed","ping_status":"closed","sticky":false,"template":"","format":"standard","meta":{"footnotes":""},"categories":[9],"tags":[],"class_list":{"0":"post-237990","1":"post","2":"type-post","3":"status-publish","4":"format-standard","5":"has-post-thumbnail","7":"category-nacionales"},"_links":{"self":[{"href":"https:\/\/elluchador.info\/index.php?rest_route=\/wp\/v2\/posts\/237990","targetHints":{"allow":["GET"]}}],"collection":[{"href":"https:\/\/elluchador.info\/index.php?rest_route=\/wp\/v2\/posts"}],"about":[{"href":"https:\/\/elluchador.info\/index.php?rest_route=\/wp\/v2\/types\/post"}],"author":[{"embeddable":true,"href":"https:\/\/elluchador.info\/index.php?rest_route=\/wp\/v2\/users\/19"}],"replies":[{"embeddable":true,"href":"https:\/\/elluchador.info\/index.php?rest_route=%2Fwp%2Fv2%2Fcomments&post=237990"}],"version-history":[{"count":1,"href":"https:\/\/elluchador.info\/index.php?rest_route=\/wp\/v2\/posts\/237990\/revisions"}],"predecessor-version":[{"id":237992,"href":"https:\/\/elluchador.info\/index.php?rest_route=\/wp\/v2\/posts\/237990\/revisions\/237992"}],"wp:featuredmedia":[{"embeddable":true,"href":"https:\/\/elluchador.info\/index.php?rest_route=\/wp\/v2\/media\/237991"}],"wp:attachment":[{"href":"https:\/\/elluchador.info\/index.php?rest_route=%2Fwp%2Fv2%2Fmedia&parent=237990"}],"wp:term":[{"taxonomy":"category","embeddable":true,"href":"https:\/\/elluchador.info\/index.php?rest_route=%2Fwp%2Fv2%2Fcategories&post=237990"},{"taxonomy":"post_tag","embeddable":true,"href":"https:\/\/elluchador.info\/index.php?rest_route=%2Fwp%2Fv2%2Ftags&post=237990"}],"curies":[{"name":"wp","href":"https:\/\/api.w.org\/{rel}","templated":true}]}}