{"id":237999,"date":"2023-01-31T18:58:01","date_gmt":"2023-01-31T22:58:01","guid":{"rendered":"https:\/\/elluchador.info\/web\/?p=237999"},"modified":"2023-01-31T18:58:01","modified_gmt":"2023-01-31T22:58:01","slug":"francia-vive-nueva-jornada-de-protestas-contra-la-reforma-de-las-pensiones","status":"publish","type":"post","link":"https:\/\/elluchador.info\/?p=237999","title":{"rendered":"Francia vive nueva jornada de protestas contra la reforma de las pensiones"},"content":{"rendered":"<div>Escuelas cerradas, trenes anulados y una ca\u00edda de la producci\u00f3n el\u00e9ctrica marcan este martes una nueva jornada de protestas contra la reforma de las pensiones del presidente liberal Emmanuel Macron, que, tras perder la batalla de la opini\u00f3n, espera lograr el apoyo del Parlamento.<\/div>\n<div><\/div>\n<div>\u00abHay mucha ira contra esta reforma\u00bb, indic\u00f3 a la AFP un guardia de seguridad en Marsella (sur), que pidi\u00f3 el anonimato. \u00abTrabajar hasta 64 a\u00f1os o m\u00e1s es muy duro, sobre todo en nuestros oficios\u00bb, agreg\u00f3.<\/div>\n<div><\/div>\n<div>Casi dos semanas despu\u00e9s de sacar a la calle a 1,12 millones de personas, seg\u00fan las autoridades &#8211;el doble, para los sindicatos&#8211;, los opositores esperan muchos m\u00e1s manifestantes en Francia, donde el rechazo a la actual reforma progresa en la opini\u00f3n p\u00fablica.<\/div>\n<div><\/div>\n<div>\u00abSi la primera ministra [\u00c9lisabeth Borne] no entendi\u00f3 el mensaje, hoy se lo diremos m\u00e1s alto, m\u00e1s fuerte y m\u00e1s numerosos\u00bb, dijo a los medios BFMTV y RMC el l\u00edder del sindicato CGT, Philippe Martinez.<\/div>\n<div><\/div>\n<div>Las dos medidas que cristalizan el rechazo a la medida son el retraso progresivo hasta 2030 de la edad de jubilaci\u00f3n de 62 a 64 a\u00f1os y el adelanto a 2027 de la exigencia de cotizar 43 a\u00f1os &#8211;y no 42 como ahora&#8211; para cobrar una pensi\u00f3n completa.<\/div>\n<div><\/div>\n<div>Aunque el gobierno llam\u00f3 a que la oposici\u00f3n \u00abenriquezca\u00bb su proyecto durante el tr\u00e1mite parlamentario iniciado el lunes, Borne dijo que la edad de 64 a\u00f1os \u00abya no era negociable\u00bb, enfureciendo a la oposici\u00f3n de izquierda que pidi\u00f3 una \u00abmoci\u00f3n de censura popular\u00bb en las calles.<\/div>\n<div><\/div>\n<div>\u00abEstamos viviendo un d\u00eda hist\u00f3rico. El se\u00f1or Macron est\u00e1 seguro de perder\u00bb, dijo el l\u00edder izquierdista Jean-Luc M\u00e9lenchon, al inicio de la manifestaci\u00f3n en Marsella, donde pidi\u00f3 que la reforma se someta a un \u00abrefer\u00e9ndum\u00bb de los ciudadanos.<\/div>\n<div><\/div>\n<div><b>&#8211; Ca\u00edda de producci\u00f3n el\u00e9ctrica &#8211;<\/b><\/div>\n<div><\/div>\n<div>Alrededor de 250 manifestaciones &#8211;en Par\u00eds, a partir de las 14H00 (13H00 GMT)&#8211; est\u00e1n convocadas. El gobierno moviliz\u00f3 11.000 polic\u00edas y gendarmes. Los servicios de inteligencia esperan un total de 1,2 millones de manifestantes como m\u00e1ximo.<\/div>\n<div><\/div>\n<div>La jornada comenz\u00f3 con una huelga muy acatada en los transportes, particularmente en el metro de Par\u00eds, los trenes de cercan\u00edas de la regi\u00f3n y los ferrocarriles de provincia, donde la frecuencia era muy baja.<\/div>\n<div><\/div>\n<div>En la educaci\u00f3n obligatoria, el paro fue menor que hace 12 d\u00edas: 25% de docentes seg\u00fan el gobierno, el doble para los sindicatos.<\/div>\n<div><\/div>\n<div>La huelga en el sector energ\u00e9tico provoc\u00f3 una ca\u00edda de producci\u00f3n en las centrales nucleares de \u00abcasi 3.000 MWh\u00bb, seg\u00fan la empresa EDF. Entre un 75% y un 100% del personal de las refiner\u00edas y de los dep\u00f3sitos de TotalEnergies se unieron al paro, seg\u00fan la CGT.<\/div>\n<div><\/div>\n<div>La nueva jornada de protesta podr\u00eda aumentar la tensi\u00f3n en la Asamblea Nacional (c\u00e1mara baja), que comenz\u00f3 la v\u00edspera el examen en comisi\u00f3n de la reforma y que tiene menos de una semana para debatir las 7.000 enmiendas presentadas antes de que llegue al pleno el lunes.<\/div>\n<div><\/div>\n<div>Con el rechazo ya anunciado del frente de izquierdas Nupes y de la extrema derecha, el gobierno espera el apoyo del partido de derecha Los Republicanos (LR), favorable a una reforma pero dividido sobre sus caracter\u00edsticas.<\/div>\n<div><\/div>\n<div><b>&#8211; El FMI, al rescate del gobierno &#8211;<\/b><\/div>\n<div><\/div>\n<div>Desde su llegada al gobierno en 2017, Macron, de 45 a\u00f1os, defendi\u00f3 su voluntad de \u00absacudir\u00bb el sistema con sus reformas de corte liberal, que en ocasiones han impulsado su imagen de \u00abpresidente de los ricos\u00bb, como durante la protesta social de los chalecos amarillos.<\/div>\n<div><\/div>\n<div>La reforma de las pensiones es clave en su estrategia. Despu\u00e9s que la pandemia le obligara a retirar un primer intento, el gobierno escogi\u00f3 un pol\u00e9mico procedimiento parlamentario que le permite aplicar el actual plan si el Parlamento no se pronuncia para finales de marzo.<\/div>\n<div><\/div>\n<div>El rechazo a la reforma se sit\u00faa actualmente en torno al 70%, seg\u00fan los sondeos. Adem\u00e1s, seg\u00fan una encuesta de Odoxa, dos de cada tres franceses consideran a Macron un mal presidente y a Borne una mala primera ministra.<\/div>\n<div><\/div>\n<div>El Fondo Monetario Internacional (FMI) sali\u00f3 el lunes al rescate de este exbanquero de negocios, al expresar su apoyo a una reforma, que junto a la aprobada sobre el seguro por desempleo, permitir\u00eda que Francia reduzca su deuda p\u00fablica, situada por encima del 110% del PIB.<\/div>\n<div><\/div>\n<div><\/div>\n","protected":false},"excerpt":{"rendered":"<p>Escuelas cerradas, trenes anulados y una ca\u00edda de la producci\u00f3n el\u00e9ctrica marcan este martes una nueva jornada de protestas contra la reforma de las pensiones del presidente liberal Emmanuel Macron, que, tras perder la batalla de la opini\u00f3n, espera lograr el apoyo del Parlamento. \u00abHay mucha ira contra esta reforma\u00bb, indic\u00f3 a la AFP un [&hellip;]<\/p>\n","protected":false},"author":19,"featured_media":238000,"comment_status":"closed","ping_status":"closed","sticky":false,"template":"","format":"standard","meta":{"footnotes":""},"categories":[8],"tags":[],"class_list":{"0":"post-237999","1":"post","2":"type-post","3":"status-publish","4":"format-standard","5":"has-post-thumbnail","7":"category-internacionales"},"_links":{"self":[{"href":"https:\/\/elluchador.info\/index.php?rest_route=\/wp\/v2\/posts\/237999","targetHints":{"allow":["GET"]}}],"collection":[{"href":"https:\/\/elluchador.info\/index.php?rest_route=\/wp\/v2\/posts"}],"about":[{"href":"https:\/\/elluchador.info\/index.php?rest_route=\/wp\/v2\/types\/post"}],"author":[{"embeddable":true,"href":"https:\/\/elluchador.info\/index.php?rest_route=\/wp\/v2\/users\/19"}],"replies":[{"embeddable":true,"href":"https:\/\/elluchador.info\/index.php?rest_route=%2Fwp%2Fv2%2Fcomments&post=237999"}],"version-history":[{"count":1,"href":"https:\/\/elluchador.info\/index.php?rest_route=\/wp\/v2\/posts\/237999\/revisions"}],"predecessor-version":[{"id":238001,"href":"https:\/\/elluchador.info\/index.php?rest_route=\/wp\/v2\/posts\/237999\/revisions\/238001"}],"wp:featuredmedia":[{"embeddable":true,"href":"https:\/\/elluchador.info\/index.php?rest_route=\/wp\/v2\/media\/238000"}],"wp:attachment":[{"href":"https:\/\/elluchador.info\/index.php?rest_route=%2Fwp%2Fv2%2Fmedia&parent=237999"}],"wp:term":[{"taxonomy":"category","embeddable":true,"href":"https:\/\/elluchador.info\/index.php?rest_route=%2Fwp%2Fv2%2Fcategories&post=237999"},{"taxonomy":"post_tag","embeddable":true,"href":"https:\/\/elluchador.info\/index.php?rest_route=%2Fwp%2Fv2%2Ftags&post=237999"}],"curies":[{"name":"wp","href":"https:\/\/api.w.org\/{rel}","templated":true}]}}