{"id":238018,"date":"2023-01-31T19:15:01","date_gmt":"2023-01-31T23:15:01","guid":{"rendered":"https:\/\/elluchador.info\/web\/?p=238018"},"modified":"2023-01-31T19:15:01","modified_gmt":"2023-01-31T23:15:01","slug":"foto-de-nadia-ferreira-alimenta-rumores-de-embarazo","status":"publish","type":"post","link":"https:\/\/elluchador.info\/?p=238018","title":{"rendered":"Foto de Nadia Ferreira alimenta rumores de embarazo"},"content":{"rendered":"<p>A pocos d\u00edas de ser tendencia la boda del cantante,\u00a0Marc\u00a0Anthony\u00a0y la reina de belleza\u00a0Nadia\u00a0Ferreira\u00a0por el derroche de elegancia, una decoraci\u00f3n de primera calidad e invitados de lujos, a los internautas de asombr\u00f3 el \u00abbarrig\u00f3n\u00bb que se le notaba a la mujer.<\/p>\n<p>Luego de que el medio estadounidense\u00a0HOLA! USA, publicara a trav\u00e9s de su perfil de\u00a0Instagram, algunos de los momentos m\u00e1s especiales en la boda de los artistas, una foto en particular, llam\u00f3 la atenci\u00f3n de los usuarios, ya que la reci\u00e9n casada, podr\u00eda estar embarazada del int\u00e9rprete de\u00a0Flor p\u00e1lida.<\/p>\n<p>Con una lista de m\u00e1s de 200 invitados, el citado portal de entretenimiento, le dio vista a un especial momento donde compart\u00edan\u00a0<strong>Marc<\/strong>\u00a0<strong>Anthony<\/strong>,\u00a0<strong>Nadia<\/strong>\u00a0<strong>Ferreira<\/strong>\u00a0la madre de la modelo.<\/p>\n<p>No obstante, fueron varios mensajes de inc\u00f3gnitas de los internautas, quedaron sorprendidos con el \u201cpresunto embarazo\u201d que esconden: \u201cAqu\u00ed se ve\ud83e\udd30\ud83c\udffb! \u00a1Cuando regresen de su luna de miel dar\u00e1n la gran noticia!\u00a0\ud83d\ude35\u200d\ud83d\udcab\u201d, \u201cOjal\u00e1 los genes de Nadia sean m\u00e1s fuertes\u00a0\ud83e\udd1e\ud83c\udffb\ud83e\udd1e\ud83c\udffb\u2728\u2728\ud83e\udd27\u201d, \u201cComo 4 meses de embarazo ser\u00e1 ni\u00f1a\u00a0\u2764\ufe0f\u201d, \u201cPero si ese bebe ya se mira hasta las u\u00f1as\u00a0\ud83d\ude02\ud83d\ude02\u00a0por favor, sus casi 6 meses\u201d, \u201cQue barrig\u00f3n, la cig\u00fce\u00f1a\u201d, escribieron algunos de los seguidores.<\/p>\n<figure id=\"attachment_249545\" class=\"wp-caption aligncenter\" aria-describedby=\"caption-attachment-249545\"><img loading=\"lazy\" decoding=\"async\" class=\"wp-image-249545\" src=\"https:\/\/revistaronda.net\/wp-content\/uploads\/2023\/01\/Comentarios-Marc-Anthony-y-Nadia-Ferreira-boda.png\" sizes=\"auto, (max-width: 599px) 100vw, 599px\" srcset=\"https:\/\/revistaronda.net\/wp-content\/uploads\/2023\/01\/Comentarios-Marc-Anthony-y-Nadia-Ferreira-boda.png 418w, https:\/\/revistaronda.net\/wp-content\/uploads\/2023\/01\/Comentarios-Marc-Anthony-y-Nadia-Ferreira-boda-255x300.png 255w\" alt=\"Comentarios Marc Anthony y Nadia Ferreira boda\" width=\"599\" height=\"704\" \/><figcaption id=\"caption-attachment-249545\" class=\"wp-caption-text\">Comentarios Marc Anthony y Nadia Ferreira boda<\/figcaption><\/figure>\n<figure id=\"attachment_249546\" class=\"wp-caption aligncenter\" aria-describedby=\"caption-attachment-249546\"><img loading=\"lazy\" decoding=\"async\" class=\"wp-image-249546\" src=\"https:\/\/revistaronda.net\/wp-content\/uploads\/2023\/01\/Comentarios-Marc-Anthony-y-Nadia-Ferreira-boda-bebe.png\" sizes=\"auto, (max-width: 634px) 100vw, 634px\" srcset=\"https:\/\/revistaronda.net\/wp-content\/uploads\/2023\/01\/Comentarios-Marc-Anthony-y-Nadia-Ferreira-boda-bebe.png 409w, https:\/\/revistaronda.net\/wp-content\/uploads\/2023\/01\/Comentarios-Marc-Anthony-y-Nadia-Ferreira-boda-bebe-300x117.png 300w\" alt=\"Comentarios Marc Anthony y Nadia Ferreira boda beb\u00e9\" width=\"634\" height=\"248\" \/><\/figure>\n<p>&nbsp;<\/p>\n<p>Ronda<\/p>\n","protected":false},"excerpt":{"rendered":"<p>A pocos d\u00edas de ser tendencia la boda del cantante,\u00a0Marc\u00a0Anthony\u00a0y la reina de belleza\u00a0Nadia\u00a0Ferreira\u00a0por el derroche de elegancia, una decoraci\u00f3n de primera calidad e invitados de lujos, a los internautas de asombr\u00f3 el \u00abbarrig\u00f3n\u00bb que se le notaba a la mujer. Luego de que el medio estadounidense\u00a0HOLA! USA, publicara a trav\u00e9s de su perfil de\u00a0Instagram, [&hellip;]<\/p>\n","protected":false},"author":19,"featured_media":238019,"comment_status":"closed","ping_status":"closed","sticky":false,"template":"","format":"standard","meta":{"footnotes":""},"categories":[7],"tags":[],"class_list":{"0":"post-238018","1":"post","2":"type-post","3":"status-publish","4":"format-standard","5":"has-post-thumbnail","7":"category-entretenimiento"},"_links":{"self":[{"href":"https:\/\/elluchador.info\/index.php?rest_route=\/wp\/v2\/posts\/238018","targetHints":{"allow":["GET"]}}],"collection":[{"href":"https:\/\/elluchador.info\/index.php?rest_route=\/wp\/v2\/posts"}],"about":[{"href":"https:\/\/elluchador.info\/index.php?rest_route=\/wp\/v2\/types\/post"}],"author":[{"embeddable":true,"href":"https:\/\/elluchador.info\/index.php?rest_route=\/wp\/v2\/users\/19"}],"replies":[{"embeddable":true,"href":"https:\/\/elluchador.info\/index.php?rest_route=%2Fwp%2Fv2%2Fcomments&post=238018"}],"version-history":[{"count":1,"href":"https:\/\/elluchador.info\/index.php?rest_route=\/wp\/v2\/posts\/238018\/revisions"}],"predecessor-version":[{"id":238020,"href":"https:\/\/elluchador.info\/index.php?rest_route=\/wp\/v2\/posts\/238018\/revisions\/238020"}],"wp:featuredmedia":[{"embeddable":true,"href":"https:\/\/elluchador.info\/index.php?rest_route=\/wp\/v2\/media\/238019"}],"wp:attachment":[{"href":"https:\/\/elluchador.info\/index.php?rest_route=%2Fwp%2Fv2%2Fmedia&parent=238018"}],"wp:term":[{"taxonomy":"category","embeddable":true,"href":"https:\/\/elluchador.info\/index.php?rest_route=%2Fwp%2Fv2%2Fcategories&post=238018"},{"taxonomy":"post_tag","embeddable":true,"href":"https:\/\/elluchador.info\/index.php?rest_route=%2Fwp%2Fv2%2Ftags&post=238018"}],"curies":[{"name":"wp","href":"https:\/\/api.w.org\/{rel}","templated":true}]}}