{"id":238027,"date":"2023-01-31T19:24:26","date_gmt":"2023-01-31T23:24:26","guid":{"rendered":"https:\/\/elluchador.info\/web\/?p=238027"},"modified":"2023-01-31T19:24:26","modified_gmt":"2023-01-31T23:24:26","slug":"total-exito-i-jornada-medica-cientifica-realizada-en-el-hospital-subtte-b-omaira-rodriguez","status":"publish","type":"post","link":"https:\/\/elluchador.info\/?p=238027","title":{"rendered":"Total \u00e9xito I jornada m\u00e9dica cient\u00edfica realizada en el hospital Subtte (B) Omaira Rodr\u00edguez"},"content":{"rendered":"<p>M\u00e1s de 38 profesionales y estudiantes de (pregrado y posgrado) del \u00e1rea de la medicina del hospital municipal Subtte (B) Omaira Rodr\u00edguez, participaron en la apertura de la primera Jornada Cient\u00edfica de Salud.<\/p>\n<p>Maribel Suarez, directora de salud municipal, agradeci\u00f3 en primera instancia el acompa\u00f1amiento del ciudadano alcalde, Sergio Hern\u00e1ndez, a la actividad quien siempre ha priorizado la salud en el municipio y est\u00e1\u00a0 al pendiente de la formaci\u00f3n de los profesionales.<\/p>\n<p>Manifest\u00f3, que esta actividad tiene como finalidad promover y reforzar los conocimientos cient\u00edficos en el sector salud para garantizar el bienestar del pueblo.<\/p>\n<p>La titular de salud municipal, inform\u00f3 que esta actividad surgi\u00f3 como una iniciativa que tuvieron varios profesionales de la salud que hacen vida en el centro de la salud que ella dirige, para ampliar los conocimientos tanto de m\u00e9dicos especialistas, m\u00e9dicos generales, y estudiantes de medicina.<\/p>\n<p>De igual manera agradeci\u00f3 tanto a los participantes como al doctor Luis Fern\u00e1ndez, m\u00e9dico internista y (Director de Investigaci\u00f3n de la Sociedad Cient\u00edfica Venezolana de Obesolog\u00eda) a la doctora Tania de Almeida, m\u00e9dico nefr\u00f3logo y (Directora de Eventos de la Sociedad Cient\u00edfica Venezolana de Obesolog\u00eda), as\u00ed como tambi\u00e9n agradeci\u00f3 el apoyo de los representantes de\u00a0 laboratorios Farma, Pharmetique y Potax<\/p>\n<p>Explic\u00f3\u00a0 que esta primera jornada es la apertura de muchas m\u00e1s que tienen previsto realizar para reforzar y ampliar\u00a0 los conocimientos de los profesionales\u00a0 y a su vez fortalecer la salud en el municipio\u00a0 para seguir garantizando bienestar al pueblo.<\/p>\n<p>\u201cDesde nuestro hospitalito como le dice la ciudadan\u00eda caro\u00f1osamente, nos esforzamos para dar nuestros aportes en el fortalecimiento del sistema nacional de salud, tal como lo ha dicho nuestro presidente Nicol\u00e1s Maduro, nuestro gobernador \u00c1ngel Marcano y en nuestro municipio, nuestro alcalde siempre consecuente, Sergio Hern\u00e1ndez, quien ha priorizado desde el inicio de su gobierno una salud gratuita de calidad para los bolivarenses, con calidez humana y que est\u00e9 a la altura de lo que necesitan\u201d.<\/p>\n<p><strong>La educaci\u00f3n como herramienta esencial de la salud<\/strong><\/p>\n<p>Asimismo enfatiz\u00f3 que continuaran avanzando en la educaci\u00f3n m\u00e9dica cient\u00edfica para poder aportar las herramientas esenciales que permitan crear nuevas maneras de abordar situaciones que comprometen la salud.<\/p>\n<p>Por su parte, el director de Investigaci\u00f3n de la Sociedad Cient\u00edfica Venezolana de Obesolog\u00eda, asever\u00f3 que la idea de la jornada estuvo orientada en compartir las experiencias intelectuales, morales y \u00e9ticas con todo el gremio m\u00e9dico que hace vida en el Hospital Municipal, a modo de crecer y evolucionar de manera profesional para brindar una atenci\u00f3n al pueblo de manera eficiente, efectiva y eficaz.<\/p>\n<p>Del mismo modo la doctora Tania de Almeida, detall\u00f3 que,\u00a0 este tipo de eventos va dirigido a educaci\u00f3n m\u00e9dica continua, \u201cabordando el tema de la obesidad es primordial que se conozca como una patolog\u00eda considerable y que permite conocer desde el punto de vista m\u00e9dico, como se debe tratar a los pacientes que padecen dicha enfermedad\u201d.<\/p>\n<p>Maribel Suarez, finaliz\u00f3 destacando que se vienen cosas buenas para seguir brindando salud y bienestar al pueblo que merece una esmerada atenci\u00f3n.<\/p>\n<p><strong>Prensa Alcald\u00eda AO<\/strong><\/p>\n","protected":false},"excerpt":{"rendered":"<p>M\u00e1s de 38 profesionales y estudiantes de (pregrado y posgrado) del \u00e1rea de la medicina del hospital municipal Subtte (B) Omaira Rodr\u00edguez, participaron en la apertura de la primera Jornada Cient\u00edfica de Salud. Maribel Suarez, directora de salud municipal, agradeci\u00f3 en primera instancia el acompa\u00f1amiento del ciudadano alcalde, Sergio Hern\u00e1ndez, a la actividad quien siempre [&hellip;]<\/p>\n","protected":false},"author":19,"featured_media":238028,"comment_status":"closed","ping_status":"closed","sticky":false,"template":"","format":"standard","meta":{"footnotes":""},"categories":[20],"tags":[],"class_list":{"0":"post-238027","1":"post","2":"type-post","3":"status-publish","4":"format-standard","5":"has-post-thumbnail","7":"category-municipal"},"_links":{"self":[{"href":"https:\/\/elluchador.info\/index.php?rest_route=\/wp\/v2\/posts\/238027","targetHints":{"allow":["GET"]}}],"collection":[{"href":"https:\/\/elluchador.info\/index.php?rest_route=\/wp\/v2\/posts"}],"about":[{"href":"https:\/\/elluchador.info\/index.php?rest_route=\/wp\/v2\/types\/post"}],"author":[{"embeddable":true,"href":"https:\/\/elluchador.info\/index.php?rest_route=\/wp\/v2\/users\/19"}],"replies":[{"embeddable":true,"href":"https:\/\/elluchador.info\/index.php?rest_route=%2Fwp%2Fv2%2Fcomments&post=238027"}],"version-history":[{"count":1,"href":"https:\/\/elluchador.info\/index.php?rest_route=\/wp\/v2\/posts\/238027\/revisions"}],"predecessor-version":[{"id":238029,"href":"https:\/\/elluchador.info\/index.php?rest_route=\/wp\/v2\/posts\/238027\/revisions\/238029"}],"wp:featuredmedia":[{"embeddable":true,"href":"https:\/\/elluchador.info\/index.php?rest_route=\/wp\/v2\/media\/238028"}],"wp:attachment":[{"href":"https:\/\/elluchador.info\/index.php?rest_route=%2Fwp%2Fv2%2Fmedia&parent=238027"}],"wp:term":[{"taxonomy":"category","embeddable":true,"href":"https:\/\/elluchador.info\/index.php?rest_route=%2Fwp%2Fv2%2Fcategories&post=238027"},{"taxonomy":"post_tag","embeddable":true,"href":"https:\/\/elluchador.info\/index.php?rest_route=%2Fwp%2Fv2%2Ftags&post=238027"}],"curies":[{"name":"wp","href":"https:\/\/api.w.org\/{rel}","templated":true}]}}