{"id":238044,"date":"2023-02-01T09:28:05","date_gmt":"2023-02-01T13:28:05","guid":{"rendered":"https:\/\/elluchador.info\/web\/?p=238044"},"modified":"2023-02-01T09:29:40","modified_gmt":"2023-02-01T13:29:40","slug":"nueva-jornada-de-protestas-en-lima-contra-gobierno-de-peru","status":"publish","type":"post","link":"https:\/\/elluchador.info\/?p=238044","title":{"rendered":"Nueva jornada de protestas en Lima contra Gobierno de Per\u00fa"},"content":{"rendered":"<p>Mientras el pleno del Congreso retoma este martes el debate sobre el adelanto de las elecciones generales, contingentes de comunidades ind\u00edgenas de varias regiones de Per\u00fa siguen llegando a la capital para la marcha de esta tarde en Lima, que reunir\u00e1 a sectores sociales y gremiales.<\/p>\n<p>En demanda de que los comicios generales se realicen en octubre de 2023, el parlamento, que ya rechaz\u00f3 una primera versi\u00f3n del adelanto de las elecciones, inform\u00f3 que la sesi\u00f3n del pleno se posterg\u00f3 para las 16H00 horas locales. Esta hora coincide con la marcha que sectores sociales, sindicatos, estudiantes y grupos ind\u00edgenas realizar\u00e1n para demandar la renuncia de la presidenta designada Dina Boluarte y solicitar el adelanto de elecciones generales, a 27 d\u00edas de iniciado el movimiento social y popular contra el Gobierno peruano.<\/p>\n<p>Pero no s\u00f3lo en Lima se registrar\u00e1n movilizaciones, desde primeras horas de la ma\u00f1ana se reportan protestas en varias regiones del pa\u00eds, en especial en el sur en sectores como Puno, Cajamarca, Ica, Arequipa, Aracucho, Ap\u00farimac, \u00c1ncash y Cusco. Tambi\u00e9n se reportan grupos de manifestantes a las afueras del aeropuerto internacional Jorge Ch\u00e1vez, en Callao. La polic\u00eda orden\u00f3 incrementar la presencial de fuerzas de seguridad en el lugar.<\/p>\n<p>Por otra parte, la Polic\u00eda Nacional de Per\u00fa (PNP) apoyada por el ej\u00e9rcito contin\u00faa con el desbloqueo de carreteras. Desde horas de la ma\u00f1ana, los funcionarios de seguridad y Fuerzas Armadas resguardan la Panamericana Sur tras retirar a los manifestantes.<\/p>\n<p>El Sindicato Unitario de Trabajadores en la Educaci\u00f3n del Per\u00fa anunci\u00f3 que se suma a la marcha nacional hacia Plaza Dos de Mayo en Lima, as\u00ed tambi\u00e9n la Coordinadora Unitaria Lima Norte y la Asamblea de los Pueblos.<\/p>\n<p>La Confederaci\u00f3n General de Trabajadores del Per\u00fa (CGTP) y de la Asamblea Nacional de los Pueblos (ANP) saldr\u00e1n en una nueva jornada de protestas en Lima contra el Gobierno de Dina Boluarte. Las protestas contra el Gobierno de la presidenta han dejado hasta el momento 65 personas fallecidas, la mayor\u00eda, civiles que fueron asesinados en enfrentamientos con la Polic\u00eda Nacional.<\/p>\n<p>Por otra parte, 20 dem\u00f3cratas de la C\u00e1mara de Representantes de Estados Unidos pidieron al presidente Joe Biden detener los fondos de seguridad dados al Gobierno de Per\u00fa. En una misiva enviada al ocupante del Despacho Oval, citada por el sitio Common Dreams, los congresistas condenaron la violencia indiscriminada y el uso constante de fuerza excesiva por los cuerpos de seguridad de ese pa\u00eds, y solicitaron a la administraci\u00f3n norte\u00f1a denunciar p\u00fablicamente estas continuas violaciones de derechos humanos.<\/p>\n<p><strong>Proyecto de adelanto de elecciones<\/strong><\/p>\n<p>El proyecto de adelanto de elecciones generales en Per\u00fa para octubre pr\u00f3ximo estar\u00e1 este mi\u00e9rcoles en el centro del debate del Congreso con el objeto de alcanzar los votos necesarios para poner fin a la actual crisis pol\u00edtica, que demanda en las calles la renuncia de la presidenta Dina Boluarte.<\/p>\n<p>El complicado escenario pol\u00edtico, donde ninguna de las partes logr\u00f3 un respaldo mayoritario, provoc\u00f3 la postergaci\u00f3n del pleno hasta este mi\u00e9rcoles, a petici\u00f3n del presidente de la Comisi\u00f3n de Constituci\u00f3n, el fujimorista Hernando Guerra Garc\u00eda, seg\u00fan anunci\u00f3 el titular del Parlamento, Jos\u00e9 Williams.<\/p>\n<p>Mientras, una nueva marcha antigubernamental volvi\u00f3 a recorrer un d\u00eda m\u00e1s las calles de Lima el martes para demandar la renuncia de Boluarte y el cierre del Congreso.<\/p>\n<p>Con informaci\u00f3n de www.globovision.com<\/p>\n","protected":false},"excerpt":{"rendered":"<p>Mientras el pleno del Congreso retoma este martes el debate sobre el adelanto de las elecciones generales, contingentes de comunidades ind\u00edgenas de varias regiones de Per\u00fa siguen llegando a la capital para la marcha de esta tarde en Lima, que reunir\u00e1 a sectores sociales y gremiales. En demanda de que los comicios generales se realicen [&hellip;]<\/p>\n","protected":false},"author":19,"featured_media":238045,"comment_status":"closed","ping_status":"closed","sticky":false,"template":"","format":"standard","meta":{"footnotes":""},"categories":[8],"tags":[],"class_list":{"0":"post-238044","1":"post","2":"type-post","3":"status-publish","4":"format-standard","5":"has-post-thumbnail","7":"category-internacionales"},"_links":{"self":[{"href":"https:\/\/elluchador.info\/index.php?rest_route=\/wp\/v2\/posts\/238044","targetHints":{"allow":["GET"]}}],"collection":[{"href":"https:\/\/elluchador.info\/index.php?rest_route=\/wp\/v2\/posts"}],"about":[{"href":"https:\/\/elluchador.info\/index.php?rest_route=\/wp\/v2\/types\/post"}],"author":[{"embeddable":true,"href":"https:\/\/elluchador.info\/index.php?rest_route=\/wp\/v2\/users\/19"}],"replies":[{"embeddable":true,"href":"https:\/\/elluchador.info\/index.php?rest_route=%2Fwp%2Fv2%2Fcomments&post=238044"}],"version-history":[{"count":2,"href":"https:\/\/elluchador.info\/index.php?rest_route=\/wp\/v2\/posts\/238044\/revisions"}],"predecessor-version":[{"id":238047,"href":"https:\/\/elluchador.info\/index.php?rest_route=\/wp\/v2\/posts\/238044\/revisions\/238047"}],"wp:featuredmedia":[{"embeddable":true,"href":"https:\/\/elluchador.info\/index.php?rest_route=\/wp\/v2\/media\/238045"}],"wp:attachment":[{"href":"https:\/\/elluchador.info\/index.php?rest_route=%2Fwp%2Fv2%2Fmedia&parent=238044"}],"wp:term":[{"taxonomy":"category","embeddable":true,"href":"https:\/\/elluchador.info\/index.php?rest_route=%2Fwp%2Fv2%2Fcategories&post=238044"},{"taxonomy":"post_tag","embeddable":true,"href":"https:\/\/elluchador.info\/index.php?rest_route=%2Fwp%2Fv2%2Ftags&post=238044"}],"curies":[{"name":"wp","href":"https:\/\/api.w.org\/{rel}","templated":true}]}}