{"id":238066,"date":"2023-02-01T09:49:32","date_gmt":"2023-02-01T13:49:32","guid":{"rendered":"https:\/\/elluchador.info\/web\/?p=238066"},"modified":"2023-02-01T09:49:32","modified_gmt":"2023-02-01T13:49:32","slug":"jefe-de-estado-se-reune-con-primera-dama-de-colombia-para-integracion-cultural","status":"publish","type":"post","link":"https:\/\/elluchador.info\/?p=238066","title":{"rendered":"Jefe de Estado se re\u00fane con primera dama de Colombia para integraci\u00f3n cultural"},"content":{"rendered":"<p>El presidente de la Rep\u00fablica Bolivariana de Venezuela, Nicol\u00e1s Maduro, sostuvo este martes un encuentro con la primera dama de la Rep\u00fablica de Colombia, Ver\u00f3nica Alcocer con la finalidad de avanzar en las relaciones bilaterales y la integraci\u00f3n cultural.<\/p>\n<p>Asimismo, el encuentro permiti\u00f3 a la delegaci\u00f3n de pa\u00eds neogranadino, conocer el Sistema Nacional de Orquesta y Coros Juveniles e Infantiles de Venezuela y el aporte integral de ni\u00f1as, ni\u00f1os y adolescentes.<\/p>\n<p>Esta invitaci\u00f3n tiene como prop\u00f3sito afianzar el trabajo en conjunto entre ambas naciones; conocer el Sistema de Bandas del pa\u00eds y adoptarlo en la Rep\u00fablica de Colombia, para fomentar el desarrollo integral en el \u00e1rea cultural.<\/p>\n<p>Asimismo, la primera combatiente, Cilia Flores y el viceministro de Creatividad y Cultura de Colombia, Jorge Ignacio Zorro, estuvieron presentes en el encuentro.<\/p>\n<p>Cabe destacar que, Venezuela y Colombia contin\u00faan el fortalecimiento con lazos de hermandad, cooperaci\u00f3n bilateral y desarrollo, tras el restablecimiento de las relaciones diplom\u00e1ticas entre ambos pa\u00edses, con la llegada al poder de Gustavo Petro, como presidente de la hermana Rep\u00fablica.<\/p>\n<p>Con informaci\u00f3n de www.globovision.com<\/p>\n","protected":false},"excerpt":{"rendered":"<p>El presidente de la Rep\u00fablica Bolivariana de Venezuela, Nicol\u00e1s Maduro, sostuvo este martes un encuentro con la primera dama de la Rep\u00fablica de Colombia, Ver\u00f3nica Alcocer con la finalidad de avanzar en las relaciones bilaterales y la integraci\u00f3n cultural. Asimismo, el encuentro permiti\u00f3 a la delegaci\u00f3n de pa\u00eds neogranadino, conocer el Sistema Nacional de Orquesta [&hellip;]<\/p>\n","protected":false},"author":19,"featured_media":238067,"comment_status":"closed","ping_status":"closed","sticky":false,"template":"","format":"standard","meta":{"footnotes":""},"categories":[9],"tags":[],"class_list":{"0":"post-238066","1":"post","2":"type-post","3":"status-publish","4":"format-standard","5":"has-post-thumbnail","7":"category-nacionales"},"_links":{"self":[{"href":"https:\/\/elluchador.info\/index.php?rest_route=\/wp\/v2\/posts\/238066","targetHints":{"allow":["GET"]}}],"collection":[{"href":"https:\/\/elluchador.info\/index.php?rest_route=\/wp\/v2\/posts"}],"about":[{"href":"https:\/\/elluchador.info\/index.php?rest_route=\/wp\/v2\/types\/post"}],"author":[{"embeddable":true,"href":"https:\/\/elluchador.info\/index.php?rest_route=\/wp\/v2\/users\/19"}],"replies":[{"embeddable":true,"href":"https:\/\/elluchador.info\/index.php?rest_route=%2Fwp%2Fv2%2Fcomments&post=238066"}],"version-history":[{"count":1,"href":"https:\/\/elluchador.info\/index.php?rest_route=\/wp\/v2\/posts\/238066\/revisions"}],"predecessor-version":[{"id":238068,"href":"https:\/\/elluchador.info\/index.php?rest_route=\/wp\/v2\/posts\/238066\/revisions\/238068"}],"wp:featuredmedia":[{"embeddable":true,"href":"https:\/\/elluchador.info\/index.php?rest_route=\/wp\/v2\/media\/238067"}],"wp:attachment":[{"href":"https:\/\/elluchador.info\/index.php?rest_route=%2Fwp%2Fv2%2Fmedia&parent=238066"}],"wp:term":[{"taxonomy":"category","embeddable":true,"href":"https:\/\/elluchador.info\/index.php?rest_route=%2Fwp%2Fv2%2Fcategories&post=238066"},{"taxonomy":"post_tag","embeddable":true,"href":"https:\/\/elluchador.info\/index.php?rest_route=%2Fwp%2Fv2%2Ftags&post=238066"}],"curies":[{"name":"wp","href":"https:\/\/api.w.org\/{rel}","templated":true}]}}