{"id":238255,"date":"2023-02-02T13:12:03","date_gmt":"2023-02-02T17:12:03","guid":{"rendered":"https:\/\/elluchador.info\/web\/?p=238255"},"modified":"2023-02-02T13:12:03","modified_gmt":"2023-02-02T17:12:03","slug":"roig-foro-en-margarita-no-tenia-como-objetivo-acordar-aumento-del-salario","status":"publish","type":"post","link":"https:\/\/elluchador.info\/?p=238255","title":{"rendered":"Roig: Foro en Margarita no ten\u00eda como objetivo acordar aumento del salario"},"content":{"rendered":"<p>El integrante del Consejo de la Administraci\u00f3n de la Organizaci\u00f3n Internacional de Trabajo (OIT), Jorge Roig, se\u00f1al\u00f3 acordar un aumento del salario m\u00ednimo no estaba pautado en el Foro de Di\u00e1logo Social que tuvo lugar en la isla de Margarita.<\/p>\n<p>\u00abLo cual es exclusivamente potestativo del Gobierno. El di\u00e1logo tripartito con la OIT es para la consulta de los m\u00e9todos de fijaci\u00f3n del salario m\u00ednimo\u00bb, escribi\u00f3 en Twitter.<\/p>\n<p>\u00abLas falsas expectativas sobre la potestad del foro de di\u00e1logo social fueron causadas por desconocedores del papel mediador de la OIT y por gente que est\u00e1 fuera del di\u00e1logo social con otras intenciones\u00bb, agreg\u00f3.<\/p>\n<p>A\u00f1adi\u00f3 que la convenci\u00f3n 26 de la OIT establece la obligaci\u00f3n de consultar los m\u00e9todos de fijaci\u00f3n del salario m\u00ednimo.<\/p>\n<p>A su juicio, esto requiere el apoyo de t\u00e9cnicos del BCV, informaci\u00f3n sobre cifras de empleo, informalidad y valor real de la canasta b\u00e1sica.<\/p>\n<p>\u00abEs por ello que se cre\u00f3 una instancia t\u00e9cnica, para analizar estas variables\u00bb<\/p>\n<p>Con informaci\u00f3n de unionradio.net<\/p>\n","protected":false},"excerpt":{"rendered":"<p>El integrante del Consejo de la Administraci\u00f3n de la Organizaci\u00f3n Internacional de Trabajo (OIT), Jorge Roig, se\u00f1al\u00f3 acordar un aumento del salario m\u00ednimo no estaba pautado en el Foro de Di\u00e1logo Social que tuvo lugar en la isla de Margarita. \u00abLo cual es exclusivamente potestativo del Gobierno. El di\u00e1logo tripartito con la OIT es para [&hellip;]<\/p>\n","protected":false},"author":19,"featured_media":238256,"comment_status":"closed","ping_status":"closed","sticky":false,"template":"","format":"standard","meta":{"footnotes":""},"categories":[9],"tags":[],"class_list":{"0":"post-238255","1":"post","2":"type-post","3":"status-publish","4":"format-standard","5":"has-post-thumbnail","7":"category-nacionales"},"_links":{"self":[{"href":"https:\/\/elluchador.info\/index.php?rest_route=\/wp\/v2\/posts\/238255","targetHints":{"allow":["GET"]}}],"collection":[{"href":"https:\/\/elluchador.info\/index.php?rest_route=\/wp\/v2\/posts"}],"about":[{"href":"https:\/\/elluchador.info\/index.php?rest_route=\/wp\/v2\/types\/post"}],"author":[{"embeddable":true,"href":"https:\/\/elluchador.info\/index.php?rest_route=\/wp\/v2\/users\/19"}],"replies":[{"embeddable":true,"href":"https:\/\/elluchador.info\/index.php?rest_route=%2Fwp%2Fv2%2Fcomments&post=238255"}],"version-history":[{"count":1,"href":"https:\/\/elluchador.info\/index.php?rest_route=\/wp\/v2\/posts\/238255\/revisions"}],"predecessor-version":[{"id":238257,"href":"https:\/\/elluchador.info\/index.php?rest_route=\/wp\/v2\/posts\/238255\/revisions\/238257"}],"wp:featuredmedia":[{"embeddable":true,"href":"https:\/\/elluchador.info\/index.php?rest_route=\/wp\/v2\/media\/238256"}],"wp:attachment":[{"href":"https:\/\/elluchador.info\/index.php?rest_route=%2Fwp%2Fv2%2Fmedia&parent=238255"}],"wp:term":[{"taxonomy":"category","embeddable":true,"href":"https:\/\/elluchador.info\/index.php?rest_route=%2Fwp%2Fv2%2Fcategories&post=238255"},{"taxonomy":"post_tag","embeddable":true,"href":"https:\/\/elluchador.info\/index.php?rest_route=%2Fwp%2Fv2%2Ftags&post=238255"}],"curies":[{"name":"wp","href":"https:\/\/api.w.org\/{rel}","templated":true}]}}