{"id":238265,"date":"2023-02-02T13:20:04","date_gmt":"2023-02-02T17:20:04","guid":{"rendered":"https:\/\/elluchador.info\/web\/?p=238265"},"modified":"2023-02-02T13:20:04","modified_gmt":"2023-02-02T17:20:04","slug":"iran-acusa-a-israel-de-ataque-con-drones-y-avisa-que-respondera","status":"publish","type":"post","link":"https:\/\/elluchador.info\/?p=238265","title":{"rendered":"Ir\u00e1n acusa a Israel de ataque con drones y avisa que responder\u00e1"},"content":{"rendered":"<p>Ir\u00e1n culp\u00f3 a Israel del ataque con drones a instalaciones militares en su territorio y advirti\u00f3 que responder\u00e1 a los supuestos ataques israel\u00edes \u00abcu\u00e1ndo y d\u00f3nde considere necesario\u00bb.<\/p>\n<p>\u00abLas investigaciones preliminares sugieren que el r\u00e9gimen israel\u00ed es responsable de este intento de agresi\u00f3n\u00bb, dijo el embajador iran\u00ed ante la ONU, Amir Saeid Iravani, seg\u00fan recogen este jueves medios iran\u00edes.<\/p>\n<p>Iravani afirm\u00f3 que Israel cometi\u00f3 \u00abnumerosos actos de terrorismo y sabotaje contra instalaciones nucleares pac\u00edficas iran\u00edes, funcionarios, cient\u00edficos y civiles\u00bb, en una misiva enviada al secretario general del organismo internacional, Antonio Guterres.<\/p>\n<p>\u00abLa Rep\u00fablica Isl\u00e1mica de Ir\u00e1n se reserva el derecho leg\u00edtimo e inherente de defender su seguridad nacional y responder con decisi\u00f3n a cualquier amenaza o acciones err\u00f3neas del r\u00e9gimen israel\u00ed, cu\u00e1ndo y d\u00f3nde considere necesario\u00bb, advirti\u00f3 Iravani.<\/p>\n<p>Con informaci\u00f3n de unionradio.net<\/p>\n","protected":false},"excerpt":{"rendered":"<p>Ir\u00e1n culp\u00f3 a Israel del ataque con drones a instalaciones militares en su territorio y advirti\u00f3 que responder\u00e1 a los supuestos ataques israel\u00edes \u00abcu\u00e1ndo y d\u00f3nde considere necesario\u00bb. \u00abLas investigaciones preliminares sugieren que el r\u00e9gimen israel\u00ed es responsable de este intento de agresi\u00f3n\u00bb, dijo el embajador iran\u00ed ante la ONU, Amir Saeid Iravani, seg\u00fan recogen [&hellip;]<\/p>\n","protected":false},"author":19,"featured_media":238266,"comment_status":"closed","ping_status":"closed","sticky":false,"template":"","format":"standard","meta":{"footnotes":""},"categories":[8],"tags":[],"class_list":{"0":"post-238265","1":"post","2":"type-post","3":"status-publish","4":"format-standard","5":"has-post-thumbnail","7":"category-internacionales"},"_links":{"self":[{"href":"https:\/\/elluchador.info\/index.php?rest_route=\/wp\/v2\/posts\/238265","targetHints":{"allow":["GET"]}}],"collection":[{"href":"https:\/\/elluchador.info\/index.php?rest_route=\/wp\/v2\/posts"}],"about":[{"href":"https:\/\/elluchador.info\/index.php?rest_route=\/wp\/v2\/types\/post"}],"author":[{"embeddable":true,"href":"https:\/\/elluchador.info\/index.php?rest_route=\/wp\/v2\/users\/19"}],"replies":[{"embeddable":true,"href":"https:\/\/elluchador.info\/index.php?rest_route=%2Fwp%2Fv2%2Fcomments&post=238265"}],"version-history":[{"count":1,"href":"https:\/\/elluchador.info\/index.php?rest_route=\/wp\/v2\/posts\/238265\/revisions"}],"predecessor-version":[{"id":238267,"href":"https:\/\/elluchador.info\/index.php?rest_route=\/wp\/v2\/posts\/238265\/revisions\/238267"}],"wp:featuredmedia":[{"embeddable":true,"href":"https:\/\/elluchador.info\/index.php?rest_route=\/wp\/v2\/media\/238266"}],"wp:attachment":[{"href":"https:\/\/elluchador.info\/index.php?rest_route=%2Fwp%2Fv2%2Fmedia&parent=238265"}],"wp:term":[{"taxonomy":"category","embeddable":true,"href":"https:\/\/elluchador.info\/index.php?rest_route=%2Fwp%2Fv2%2Fcategories&post=238265"},{"taxonomy":"post_tag","embeddable":true,"href":"https:\/\/elluchador.info\/index.php?rest_route=%2Fwp%2Fv2%2Ftags&post=238265"}],"curies":[{"name":"wp","href":"https:\/\/api.w.org\/{rel}","templated":true}]}}