{"id":238274,"date":"2023-02-02T13:28:10","date_gmt":"2023-02-02T17:28:10","guid":{"rendered":"https:\/\/elluchador.info\/web\/?p=238274"},"modified":"2023-02-02T13:28:10","modified_gmt":"2023-02-02T17:28:10","slug":"unidad-de-busqueda-situa-en-104-602-los-desaparecidos-en-conflicto-colombiano","status":"publish","type":"post","link":"https:\/\/elluchador.info\/?p=238274","title":{"rendered":"Unidad de B\u00fasqueda sit\u00faa en 104.602 los desaparecidos en conflicto colombiano"},"content":{"rendered":"<p>La Unidad de B\u00fasqueda de Personas Desaparecidas (UBPD) cifr\u00f3 en 104.602 el n\u00famero de personas desaparecidas en raz\u00f3n y contexto del conflicto armado colombiano, aunque asegur\u00f3 que se trata de una cifra todav\u00eda probablemente inferior a la real.<\/p>\n<p>\u00abEste es un subregistro sin lugar a dudas, pero seguimos avanzando en la caracterizaci\u00f3n de qui\u00e9nes son las personas desaparecidas\u00bb, dijo la directora de la UBPD, Luz Marina Monz\u00f3n, en la rendici\u00f3n de cuentas de su \u00faltimo a\u00f1o de mandato.<\/p>\n<p>La funcionaria asegur\u00f3 que esa cifra surge de lo que han avanzado hasta ahora en el consolidado y cruce de datos entre el universo de personas dadas por desaparecidas (recibido de familiares, excombatientes, fuentes oficiales y organizaciones que se dedican a la b\u00fasqueda).<\/p>\n<p>Este \u00abuniverso\u00bb de personas que est\u00e1n dadas por desaparecidas \u00absigue en aumento a medida que logramos acceder a m\u00e1s informaci\u00f3n y avanzar en la investigaci\u00f3n humanitaria y extrajudicial\u00bb, dijo.<\/p>\n<p>Pero tambi\u00e9n del registro nacional de cementerios, fosas y sepulturas irregulares y un consolidado de informaci\u00f3n sobre las necropsias m\u00e9dico legales de cuerpos no identificados.<\/p>\n<p>Hasta la fecha, este registro nacional ha permitido \u00abcompilar 5.307 posibles sitios de disposici\u00f3n de cuerpos a lo largo y ancho de todo el pa\u00eds\u00bb, especific\u00f3 la directora de la UBPD.<\/p>\n<p>Con informaci\u00f3n de unionradio.net<\/p>\n","protected":false},"excerpt":{"rendered":"<p>La Unidad de B\u00fasqueda de Personas Desaparecidas (UBPD) cifr\u00f3 en 104.602 el n\u00famero de personas desaparecidas en raz\u00f3n y contexto del conflicto armado colombiano, aunque asegur\u00f3 que se trata de una cifra todav\u00eda probablemente inferior a la real. \u00abEste es un subregistro sin lugar a dudas, pero seguimos avanzando en la caracterizaci\u00f3n de qui\u00e9nes son [&hellip;]<\/p>\n","protected":false},"author":19,"featured_media":238275,"comment_status":"closed","ping_status":"closed","sticky":false,"template":"","format":"standard","meta":{"footnotes":""},"categories":[8],"tags":[],"class_list":{"0":"post-238274","1":"post","2":"type-post","3":"status-publish","4":"format-standard","5":"has-post-thumbnail","7":"category-internacionales"},"_links":{"self":[{"href":"https:\/\/elluchador.info\/index.php?rest_route=\/wp\/v2\/posts\/238274","targetHints":{"allow":["GET"]}}],"collection":[{"href":"https:\/\/elluchador.info\/index.php?rest_route=\/wp\/v2\/posts"}],"about":[{"href":"https:\/\/elluchador.info\/index.php?rest_route=\/wp\/v2\/types\/post"}],"author":[{"embeddable":true,"href":"https:\/\/elluchador.info\/index.php?rest_route=\/wp\/v2\/users\/19"}],"replies":[{"embeddable":true,"href":"https:\/\/elluchador.info\/index.php?rest_route=%2Fwp%2Fv2%2Fcomments&post=238274"}],"version-history":[{"count":1,"href":"https:\/\/elluchador.info\/index.php?rest_route=\/wp\/v2\/posts\/238274\/revisions"}],"predecessor-version":[{"id":238276,"href":"https:\/\/elluchador.info\/index.php?rest_route=\/wp\/v2\/posts\/238274\/revisions\/238276"}],"wp:featuredmedia":[{"embeddable":true,"href":"https:\/\/elluchador.info\/index.php?rest_route=\/wp\/v2\/media\/238275"}],"wp:attachment":[{"href":"https:\/\/elluchador.info\/index.php?rest_route=%2Fwp%2Fv2%2Fmedia&parent=238274"}],"wp:term":[{"taxonomy":"category","embeddable":true,"href":"https:\/\/elluchador.info\/index.php?rest_route=%2Fwp%2Fv2%2Fcategories&post=238274"},{"taxonomy":"post_tag","embeddable":true,"href":"https:\/\/elluchador.info\/index.php?rest_route=%2Fwp%2Fv2%2Ftags&post=238274"}],"curies":[{"name":"wp","href":"https:\/\/api.w.org\/{rel}","templated":true}]}}