{"id":238281,"date":"2023-02-02T13:32:57","date_gmt":"2023-02-02T17:32:57","guid":{"rendered":"https:\/\/elluchador.info\/web\/?p=238281"},"modified":"2023-02-02T13:32:57","modified_gmt":"2023-02-02T17:32:57","slug":"revisan-plan-de-produccion-de-crudo-y-gas-previsto-para-el-2023","status":"publish","type":"post","link":"https:\/\/elluchador.info\/?p=238281","title":{"rendered":"Revisan plan de producci\u00f3n de crudo y gas previsto para el 2023"},"content":{"rendered":"<p>El vicepresidente Ejecutivo de Petr\u00f3leos de Venezuela, S.A (PDVSA), Luis Molina Duque, evalu\u00f3 el Plan de Producci\u00f3n de Crudo y Gas previsto para el 2023, durante su visita a la Divisi\u00f3n Boyac\u00e1, ubicada en el estado Barinas y adscrita la Faja Petrol\u00edfera del Orinoco Hugo Ch\u00e1vez.<\/p>\n<p>El representante Ejecutivo de la estatal petrolera, junto al gerente general de la Refiner\u00eda El Palito, Ram\u00f3n Curapiaca; la gerente jur\u00eddica de la Vicepresidencia de Refinaci\u00f3n, Carolina El Koury, y el asesor de la Vicepresidente de Refinaci\u00f3n, Luis Rivas, fueron recibidos por el gerente general de la Divisi\u00f3n Boyac\u00e1 y su tren de trabajo, quienes aprovecharon la visita para hacer un recorrido por las \u00e1reas operacionales entre ellas el Patio de Tanques Silvestre (PTS).<\/p>\n<p>Al finalizar el encuentro en la regi\u00f3n llanera, el vicepresidente Ejecutivo manifest\u00f3 su entera disposici\u00f3n de continuar afianzando la confiabilidad operacional y el aumento de la producci\u00f3n en las cuencas Barinas y Apure, de este bloque de la Faja.<\/p>\n<p>Adem\u00e1s, anim\u00f3 a todos a seguir trabajando en equipo con paciencia y tenacidad, para cumplir las metas previstas en la producci\u00f3n petrolera nacional.<\/p>\n<p>Con informaci\u00f3n de www.vtv.gob.ve<\/p>\n","protected":false},"excerpt":{"rendered":"<p>El vicepresidente Ejecutivo de Petr\u00f3leos de Venezuela, S.A (PDVSA), Luis Molina Duque, evalu\u00f3 el Plan de Producci\u00f3n de Crudo y Gas previsto para el 2023, durante su visita a la Divisi\u00f3n Boyac\u00e1, ubicada en el estado Barinas y adscrita la Faja Petrol\u00edfera del Orinoco Hugo Ch\u00e1vez. El representante Ejecutivo de la estatal petrolera, junto al [&hellip;]<\/p>\n","protected":false},"author":19,"featured_media":238282,"comment_status":"closed","ping_status":"closed","sticky":false,"template":"","format":"standard","meta":{"footnotes":""},"categories":[6],"tags":[],"class_list":{"0":"post-238281","1":"post","2":"type-post","3":"status-publish","4":"format-standard","5":"has-post-thumbnail","7":"category-economia"},"_links":{"self":[{"href":"https:\/\/elluchador.info\/index.php?rest_route=\/wp\/v2\/posts\/238281","targetHints":{"allow":["GET"]}}],"collection":[{"href":"https:\/\/elluchador.info\/index.php?rest_route=\/wp\/v2\/posts"}],"about":[{"href":"https:\/\/elluchador.info\/index.php?rest_route=\/wp\/v2\/types\/post"}],"author":[{"embeddable":true,"href":"https:\/\/elluchador.info\/index.php?rest_route=\/wp\/v2\/users\/19"}],"replies":[{"embeddable":true,"href":"https:\/\/elluchador.info\/index.php?rest_route=%2Fwp%2Fv2%2Fcomments&post=238281"}],"version-history":[{"count":2,"href":"https:\/\/elluchador.info\/index.php?rest_route=\/wp\/v2\/posts\/238281\/revisions"}],"predecessor-version":[{"id":238284,"href":"https:\/\/elluchador.info\/index.php?rest_route=\/wp\/v2\/posts\/238281\/revisions\/238284"}],"wp:featuredmedia":[{"embeddable":true,"href":"https:\/\/elluchador.info\/index.php?rest_route=\/wp\/v2\/media\/238282"}],"wp:attachment":[{"href":"https:\/\/elluchador.info\/index.php?rest_route=%2Fwp%2Fv2%2Fmedia&parent=238281"}],"wp:term":[{"taxonomy":"category","embeddable":true,"href":"https:\/\/elluchador.info\/index.php?rest_route=%2Fwp%2Fv2%2Fcategories&post=238281"},{"taxonomy":"post_tag","embeddable":true,"href":"https:\/\/elluchador.info\/index.php?rest_route=%2Fwp%2Fv2%2Ftags&post=238281"}],"curies":[{"name":"wp","href":"https:\/\/api.w.org\/{rel}","templated":true}]}}