{"id":238286,"date":"2023-02-02T13:36:19","date_gmt":"2023-02-02T17:36:19","guid":{"rendered":"https:\/\/elluchador.info\/web\/?p=238286"},"modified":"2023-02-02T13:36:19","modified_gmt":"2023-02-02T17:36:19","slug":"venezuela-y-bolivia-afianzan-lazos-de-hermandad-y-cooperacion","status":"publish","type":"post","link":"https:\/\/elluchador.info\/?p=238286","title":{"rendered":"Venezuela y Bolivia afianzan lazos de hermandad y cooperaci\u00f3n"},"content":{"rendered":"<p>El canciller de la Rep\u00fablica Bolivariana de Venezuela, Yv\u00e1n Gil, sostuvo un encuentro con el embajador de Bolivia en el pa\u00eds, Sebasti\u00e1n Michel, para afianzar lazos de hermandad y cooperaci\u00f3n.<\/p>\n<p>\u00abJunto al Embajador del Estado Plurinacional de Bolivia en Venezuela, Sebasti\u00e1n Michel, conversamos sobre el renacimiento de la esperanza de los pueblos de Am\u00e9rica Latina y revisamos acciones para seguir fortaleciendo nuestros lazos de hermandad\u00bb, destac\u00f3 Gil a trav\u00e9s de su red social en Twitter, @yvangil.<\/p>\n<p>El pasado 15 de diciembre, durante la XXII Cumbre de la Alianza Bolivariana para los Pueblos de Nuestra Am\u00e9rica \u2013 Tratado de Comercio de los Pueblos (ALBA-TCP), el jefe de Estado venezolano se reuni\u00f3 con el presidente de la Rep\u00fablica Plurinacional de Bolivia, Luis Arce, para consolidar las relaciones bilaterales entre las naciones latinoamericanas.<\/p>\n<p>Con informaci\u00f3n de www.vtv.gob.ve<\/p>\n","protected":false},"excerpt":{"rendered":"<p>El canciller de la Rep\u00fablica Bolivariana de Venezuela, Yv\u00e1n Gil, sostuvo un encuentro con el embajador de Bolivia en el pa\u00eds, Sebasti\u00e1n Michel, para afianzar lazos de hermandad y cooperaci\u00f3n. \u00abJunto al Embajador del Estado Plurinacional de Bolivia en Venezuela, Sebasti\u00e1n Michel, conversamos sobre el renacimiento de la esperanza de los pueblos de Am\u00e9rica Latina [&hellip;]<\/p>\n","protected":false},"author":19,"featured_media":238287,"comment_status":"closed","ping_status":"closed","sticky":false,"template":"","format":"standard","meta":{"footnotes":""},"categories":[9],"tags":[],"class_list":{"0":"post-238286","1":"post","2":"type-post","3":"status-publish","4":"format-standard","5":"has-post-thumbnail","7":"category-nacionales"},"_links":{"self":[{"href":"https:\/\/elluchador.info\/index.php?rest_route=\/wp\/v2\/posts\/238286","targetHints":{"allow":["GET"]}}],"collection":[{"href":"https:\/\/elluchador.info\/index.php?rest_route=\/wp\/v2\/posts"}],"about":[{"href":"https:\/\/elluchador.info\/index.php?rest_route=\/wp\/v2\/types\/post"}],"author":[{"embeddable":true,"href":"https:\/\/elluchador.info\/index.php?rest_route=\/wp\/v2\/users\/19"}],"replies":[{"embeddable":true,"href":"https:\/\/elluchador.info\/index.php?rest_route=%2Fwp%2Fv2%2Fcomments&post=238286"}],"version-history":[{"count":1,"href":"https:\/\/elluchador.info\/index.php?rest_route=\/wp\/v2\/posts\/238286\/revisions"}],"predecessor-version":[{"id":238288,"href":"https:\/\/elluchador.info\/index.php?rest_route=\/wp\/v2\/posts\/238286\/revisions\/238288"}],"wp:featuredmedia":[{"embeddable":true,"href":"https:\/\/elluchador.info\/index.php?rest_route=\/wp\/v2\/media\/238287"}],"wp:attachment":[{"href":"https:\/\/elluchador.info\/index.php?rest_route=%2Fwp%2Fv2%2Fmedia&parent=238286"}],"wp:term":[{"taxonomy":"category","embeddable":true,"href":"https:\/\/elluchador.info\/index.php?rest_route=%2Fwp%2Fv2%2Fcategories&post=238286"},{"taxonomy":"post_tag","embeddable":true,"href":"https:\/\/elluchador.info\/index.php?rest_route=%2Fwp%2Fv2%2Ftags&post=238286"}],"curies":[{"name":"wp","href":"https:\/\/api.w.org\/{rel}","templated":true}]}}