{"id":238324,"date":"2023-02-02T18:59:57","date_gmt":"2023-02-02T22:59:57","guid":{"rendered":"https:\/\/elluchador.info\/web\/?p=238324"},"modified":"2023-02-02T18:59:57","modified_gmt":"2023-02-02T22:59:57","slug":"carlos-vives-publicara-adelanto-de-su-album-inspirado-en-escalona","status":"publish","type":"post","link":"https:\/\/elluchador.info\/?p=238324","title":{"rendered":"Carlos Vives publicar\u00e1 adelanto de su \u00e1lbum inspirado en Escalona"},"content":{"rendered":"<p>El cantautor colombiano Carlos Vives lanzar\u00e1 este 2023, en el que cumple 30 a\u00f1os en la m\u00fasica, un \u00e1lbum dedicado a la leyenda del vallenato Rafael Escalona, cuyo primer sencillo, \u00abLa historia\u00bb, estar\u00e1 sonando el 9 de febrero en todas las plataformas.<\/p>\n<p>El pr\u00f3ximo \u00e1lbum de Vives, seg\u00fan un comunicado publicado este mi\u00e9rcoles por su agencia de prensa, se titular\u00e1\u00a0Escalona nunca se hab\u00eda grabado as\u00ed\u00a0y girar\u00e1 en torno al llamado \u00abcuaderno perdido\u00bb del m\u00fasico que marc\u00f3 \u00e9poca en el vallenato.<\/p>\n<p>Seg\u00fan el comunicado de Nevarez Communications, el cantante de \u00abLa gota fr\u00eda\u00ab, que interpret\u00f3 a Escalona en una exitosa serie de televisi\u00f3n al comienzo de los a\u00f1os 90, decidi\u00f3, motivado por el recuerdo y la nostalgia de aquellos a\u00f1os, contactar a su amigo y compadre Egidio Cuadrado y reunir a todos los integrantes de la banda La Provincia con la que renov\u00f3 el vallenato.<\/p>\n<p>El objetivo era trabajar en una nueva producci\u00f3n musical en torno a Escalona en base al \u00abcuaderno perdido\u00bb, un tesoro que cuid\u00f3 por a\u00f1os Dina Luz, hermana de Cuadrado y quien fuera esposa del compositor, se\u00f1ala la agencia.<\/p>\n<p>\u00abLa b\u00fasqueda del cuaderno y el encuentro con esas p\u00e1ginas fueron m\u00e1gicos. Cada escrito consignado en ese diario literario y musical escond\u00eda nuevos arreglos para los cl\u00e1sicos, as\u00ed como otras canciones\u00bb, agrega.<\/p>\n<p>El Nacional<\/p>\n<p>&nbsp;<\/p>\n","protected":false},"excerpt":{"rendered":"<p>El cantautor colombiano Carlos Vives lanzar\u00e1 este 2023, en el que cumple 30 a\u00f1os en la m\u00fasica, un \u00e1lbum dedicado a la leyenda del vallenato Rafael Escalona, cuyo primer sencillo, \u00abLa historia\u00bb, estar\u00e1 sonando el 9 de febrero en todas las plataformas. El pr\u00f3ximo \u00e1lbum de Vives, seg\u00fan un comunicado publicado este mi\u00e9rcoles por su [&hellip;]<\/p>\n","protected":false},"author":19,"featured_media":238325,"comment_status":"closed","ping_status":"closed","sticky":false,"template":"","format":"standard","meta":{"footnotes":""},"categories":[7],"tags":[],"class_list":{"0":"post-238324","1":"post","2":"type-post","3":"status-publish","4":"format-standard","5":"has-post-thumbnail","7":"category-entretenimiento"},"_links":{"self":[{"href":"https:\/\/elluchador.info\/index.php?rest_route=\/wp\/v2\/posts\/238324","targetHints":{"allow":["GET"]}}],"collection":[{"href":"https:\/\/elluchador.info\/index.php?rest_route=\/wp\/v2\/posts"}],"about":[{"href":"https:\/\/elluchador.info\/index.php?rest_route=\/wp\/v2\/types\/post"}],"author":[{"embeddable":true,"href":"https:\/\/elluchador.info\/index.php?rest_route=\/wp\/v2\/users\/19"}],"replies":[{"embeddable":true,"href":"https:\/\/elluchador.info\/index.php?rest_route=%2Fwp%2Fv2%2Fcomments&post=238324"}],"version-history":[{"count":1,"href":"https:\/\/elluchador.info\/index.php?rest_route=\/wp\/v2\/posts\/238324\/revisions"}],"predecessor-version":[{"id":238326,"href":"https:\/\/elluchador.info\/index.php?rest_route=\/wp\/v2\/posts\/238324\/revisions\/238326"}],"wp:featuredmedia":[{"embeddable":true,"href":"https:\/\/elluchador.info\/index.php?rest_route=\/wp\/v2\/media\/238325"}],"wp:attachment":[{"href":"https:\/\/elluchador.info\/index.php?rest_route=%2Fwp%2Fv2%2Fmedia&parent=238324"}],"wp:term":[{"taxonomy":"category","embeddable":true,"href":"https:\/\/elluchador.info\/index.php?rest_route=%2Fwp%2Fv2%2Fcategories&post=238324"},{"taxonomy":"post_tag","embeddable":true,"href":"https:\/\/elluchador.info\/index.php?rest_route=%2Fwp%2Fv2%2Ftags&post=238324"}],"curies":[{"name":"wp","href":"https:\/\/api.w.org\/{rel}","templated":true}]}}