{"id":238336,"date":"2023-02-02T19:08:53","date_gmt":"2023-02-02T23:08:53","guid":{"rendered":"https:\/\/elluchador.info\/web\/?p=238336"},"modified":"2023-02-02T19:08:53","modified_gmt":"2023-02-02T23:08:53","slug":"gobernacion-inspecciono-situacion-de-carcava-en-isla-dorada-en-caroni","status":"publish","type":"post","link":"https:\/\/elluchador.info\/?p=238336","title":{"rendered":"Gobernaci\u00f3n inspeccion\u00f3 situaci\u00f3n de c\u00e1rcava en Isla Dorada en Caron\u00ed\u00a0"},"content":{"rendered":"<p>Gobernando junto con el pueblo, as\u00ed el l\u00edder regional en Bol\u00edvar, \u00c1ngel Marcano, contin\u00faa su segundo a\u00f1o de gesti\u00f3n, realizando inspecciones en las acometidas que se llevan a cabo en diferentes frentes de trabajo.<\/p>\n<p>La avenida Atl\u00e1ntico, en el municipio Caron\u00ed, es una de las infraestructuras viales intervenidas por el Ejecutivo del estado Bol\u00edvar, en un abordaje integral que incluye desmalezamiento, pica y poda controlada de \u00e1rboles, barrido de brocales, y aceras, adem\u00e1s, de la respectiva recolecci\u00f3n y disposici\u00f3n final de desechos s\u00f3lidos.<\/p>\n<p>En esta oportunidad, se inici\u00f3 el reasfaltado de esta emblem\u00e1tica avenida guayanesa, como parte de los proyectos enmarcados en la Agenda Concreta de Acci\u00f3n, orientada por el presidente Nicol\u00e1s Maduro, y que el gobernador \u00c1ngel Marcano, desarrolla en articulaci\u00f3n con fuerzas amigas, como la Alcald\u00eda de Caron\u00ed, empresas b\u00e1sicas de Guayana, y su clase obrera.<\/p>\n<p><strong>Pueblo atendido\u00a0<\/strong><\/p>\n<p>Cumpliendo instrucciones del gobernador \u00c1ngel Marcano, un equipo multidisciplinario del Ejecutivo regional, inspeccion\u00f3 junto con la comunidad de Isla Dorada, y del Eje Atl\u00e1ntico, la c\u00e1rcava que afecta al sector.<\/p>\n<p>El equipo designado lo conforman; Marbelis Rodr\u00edguez, secretaria de Ambiente; Daniel Valenzuela, presidente de Hidrobol\u00edvar; V\u00edctor Ramos, presidente de Construbol\u00edvar; Iv\u00e1n D\u00edaz, secretario de Pol\u00edtica, y por las empresas b\u00e1sicas, N\u00e9stor D\u00edaz, presidente CVG Cabelum.<\/p>\n<p>Durante el recorrido, habitantes del lugar explicaron las afectaciones que est\u00e1 generando la c\u00e1rcava en el terreno, e incluso a la salud de las familias, por lo que solicitaron la intervenci\u00f3n del Gobierno Bolivariano.<\/p>\n<p>Como acci\u00f3n inmediata, se realizar\u00e1n los levantamientos topogr\u00e1ficos para determinar acciones a implementar, a fin de darle la debida atenci\u00f3n que requiere el lugar, y brindarle seguridad y tranquilidad a residentes de Isla Dorada, y del Eje Atl\u00e1ntico.<\/p>\n<p><strong>Prensa Gobernaci\u00f3n de Bol\u00edvar\u00a0<\/strong><\/p>\n<p><strong>Bol\u00edvar<\/strong><\/p>\n","protected":false},"excerpt":{"rendered":"<p>Gobernando junto con el pueblo, as\u00ed el l\u00edder regional en Bol\u00edvar, \u00c1ngel Marcano, contin\u00faa su segundo a\u00f1o de gesti\u00f3n, realizando inspecciones en las acometidas que se llevan a cabo en diferentes frentes de trabajo. La avenida Atl\u00e1ntico, en el municipio Caron\u00ed, es una de las infraestructuras viales intervenidas por el Ejecutivo del estado Bol\u00edvar, en [&hellip;]<\/p>\n","protected":false},"author":19,"featured_media":238337,"comment_status":"closed","ping_status":"closed","sticky":false,"template":"","format":"standard","meta":{"footnotes":""},"categories":[12],"tags":[],"class_list":{"0":"post-238336","1":"post","2":"type-post","3":"status-publish","4":"format-standard","5":"has-post-thumbnail","7":"category-regionales"},"_links":{"self":[{"href":"https:\/\/elluchador.info\/index.php?rest_route=\/wp\/v2\/posts\/238336","targetHints":{"allow":["GET"]}}],"collection":[{"href":"https:\/\/elluchador.info\/index.php?rest_route=\/wp\/v2\/posts"}],"about":[{"href":"https:\/\/elluchador.info\/index.php?rest_route=\/wp\/v2\/types\/post"}],"author":[{"embeddable":true,"href":"https:\/\/elluchador.info\/index.php?rest_route=\/wp\/v2\/users\/19"}],"replies":[{"embeddable":true,"href":"https:\/\/elluchador.info\/index.php?rest_route=%2Fwp%2Fv2%2Fcomments&post=238336"}],"version-history":[{"count":1,"href":"https:\/\/elluchador.info\/index.php?rest_route=\/wp\/v2\/posts\/238336\/revisions"}],"predecessor-version":[{"id":238338,"href":"https:\/\/elluchador.info\/index.php?rest_route=\/wp\/v2\/posts\/238336\/revisions\/238338"}],"wp:featuredmedia":[{"embeddable":true,"href":"https:\/\/elluchador.info\/index.php?rest_route=\/wp\/v2\/media\/238337"}],"wp:attachment":[{"href":"https:\/\/elluchador.info\/index.php?rest_route=%2Fwp%2Fv2%2Fmedia&parent=238336"}],"wp:term":[{"taxonomy":"category","embeddable":true,"href":"https:\/\/elluchador.info\/index.php?rest_route=%2Fwp%2Fv2%2Fcategories&post=238336"},{"taxonomy":"post_tag","embeddable":true,"href":"https:\/\/elluchador.info\/index.php?rest_route=%2Fwp%2Fv2%2Ftags&post=238336"}],"curies":[{"name":"wp","href":"https:\/\/api.w.org\/{rel}","templated":true}]}}