{"id":238370,"date":"2023-02-03T10:24:56","date_gmt":"2023-02-03T14:24:56","guid":{"rendered":"https:\/\/elluchador.info\/web\/?p=238370"},"modified":"2023-02-03T10:24:56","modified_gmt":"2023-02-03T14:24:56","slug":"congreso-de-peru-rechazo-proyecto-de-ley-para-adelantar-elecciones-de-2023","status":"publish","type":"post","link":"https:\/\/elluchador.info\/?p=238370","title":{"rendered":"Congreso de Per\u00fa rechaz\u00f3 proyecto de ley para adelantar elecciones de 2023"},"content":{"rendered":"<p>Este 3 de Febrero el Congreso de Per\u00fa rechaz\u00f3 por tercera vez el proyecto de ley planteado con el fin de adelantar las elecciones generales de 2023, que adem\u00e1s inclu\u00eda un refer\u00e9ndum sobre la convocatoria de una Asamblea Constituyente en ese pa\u00eds.<\/p>\n<p>De acuerdo a la informaci\u00f3n difundida por el organismo peruano v\u00eda Twitter, la propuesta tuvo 78 votos en contra, 48 a favor y 1 abstenci\u00f3n.<\/p>\n<p>La mayor\u00eda de los parlamentarios del pa\u00eds habr\u00edan considerado la propuesta como \u201cinconstitucional\u201d e \u201cinviable\u201d ya que la misma planteaba que los comicios se realizaran el pr\u00f3ximo mes de julio y que ese mismo d\u00eda se abriera la posibilidad de una reforma a la Constituci\u00f3n de Per\u00fa.<\/p>\n<p>Con informaci\u00f3n de www.globovision.com<\/p>\n","protected":false},"excerpt":{"rendered":"<p>Este 3 de Febrero el Congreso de Per\u00fa rechaz\u00f3 por tercera vez el proyecto de ley planteado con el fin de adelantar las elecciones generales de 2023, que adem\u00e1s inclu\u00eda un refer\u00e9ndum sobre la convocatoria de una Asamblea Constituyente en ese pa\u00eds. De acuerdo a la informaci\u00f3n difundida por el organismo peruano v\u00eda Twitter, la [&hellip;]<\/p>\n","protected":false},"author":19,"featured_media":238371,"comment_status":"closed","ping_status":"closed","sticky":false,"template":"","format":"standard","meta":{"footnotes":""},"categories":[8],"tags":[],"class_list":{"0":"post-238370","1":"post","2":"type-post","3":"status-publish","4":"format-standard","5":"has-post-thumbnail","7":"category-internacionales"},"_links":{"self":[{"href":"https:\/\/elluchador.info\/index.php?rest_route=\/wp\/v2\/posts\/238370","targetHints":{"allow":["GET"]}}],"collection":[{"href":"https:\/\/elluchador.info\/index.php?rest_route=\/wp\/v2\/posts"}],"about":[{"href":"https:\/\/elluchador.info\/index.php?rest_route=\/wp\/v2\/types\/post"}],"author":[{"embeddable":true,"href":"https:\/\/elluchador.info\/index.php?rest_route=\/wp\/v2\/users\/19"}],"replies":[{"embeddable":true,"href":"https:\/\/elluchador.info\/index.php?rest_route=%2Fwp%2Fv2%2Fcomments&post=238370"}],"version-history":[{"count":1,"href":"https:\/\/elluchador.info\/index.php?rest_route=\/wp\/v2\/posts\/238370\/revisions"}],"predecessor-version":[{"id":238372,"href":"https:\/\/elluchador.info\/index.php?rest_route=\/wp\/v2\/posts\/238370\/revisions\/238372"}],"wp:featuredmedia":[{"embeddable":true,"href":"https:\/\/elluchador.info\/index.php?rest_route=\/wp\/v2\/media\/238371"}],"wp:attachment":[{"href":"https:\/\/elluchador.info\/index.php?rest_route=%2Fwp%2Fv2%2Fmedia&parent=238370"}],"wp:term":[{"taxonomy":"category","embeddable":true,"href":"https:\/\/elluchador.info\/index.php?rest_route=%2Fwp%2Fv2%2Fcategories&post=238370"},{"taxonomy":"post_tag","embeddable":true,"href":"https:\/\/elluchador.info\/index.php?rest_route=%2Fwp%2Fv2%2Ftags&post=238370"}],"curies":[{"name":"wp","href":"https:\/\/api.w.org\/{rel}","templated":true}]}}