{"id":238376,"date":"2023-02-03T10:39:58","date_gmt":"2023-02-03T14:39:58","guid":{"rendered":"https:\/\/elluchador.info\/web\/?p=238376"},"modified":"2023-02-03T10:39:58","modified_gmt":"2023-02-03T14:39:58","slug":"sidor-reincorpora-trabajadores-para-proximo-arranque-de-midrex-ii-y-planta-de-cal","status":"publish","type":"post","link":"https:\/\/elluchador.info\/?p=238376","title":{"rendered":"Sidor reincorpora trabajadores para pr\u00f3ximo arranque de Midrex II y Planta de Cal"},"content":{"rendered":"<p>Cien trabajadores de la Sider\u00fargica del Orinoco \u201cAlfredo Maneiro\u201d (Sidor), que se encontraban bajo la modalidad de salario protegido, se suman de forma activa a la ejecuci\u00f3n del plan de impulso operativo y productivo de la empresa y que ser\u00e1n reinsertados en las \u00e1reas productivas de Midrex II, Planta de Cal.<\/p>\n<p>Durante la actividad, efectuada en el Sal\u00f3n \u201cHugo Ch\u00e1vez Fr\u00edas\u201d de Sidor, el presidente de la Sider\u00fargica, N\u00e9stor Astudillo, salud\u00f3 en nombre de la Gesti\u00f3n Colectiva y Obrera, a quienes se suman a los trabajadores activos en planta.<\/p>\n<p>Asimismo, detall\u00f3 que luego de haber contado con solo 2 mil 400 trabajadores, requeridos en pandemia, \u201cen la actualidad podemos decir orgullosos, que tenemos 30 plantas operativas y un ingreso de m\u00e1s de 5 mil 100 trabajadores para una n\u00f3mina total de 7 mil 762 sidoristas activos\u201d.<\/p>\n<p>Del mismo modo, el presidente de Sidor enfatiz\u00f3, que solo con producci\u00f3n se puede garantizar la compra de insumos, repuestos, materias primas y los beneficios socioecon\u00f3micos de la clase obrera.<\/p>\n<p>Con informaci\u00f3n de www.vtv.gob.ve<\/p>\n","protected":false},"excerpt":{"rendered":"<p>Cien trabajadores de la Sider\u00fargica del Orinoco \u201cAlfredo Maneiro\u201d (Sidor), que se encontraban bajo la modalidad de salario protegido, se suman de forma activa a la ejecuci\u00f3n del plan de impulso operativo y productivo de la empresa y que ser\u00e1n reinsertados en las \u00e1reas productivas de Midrex II, Planta de Cal. Durante la actividad, efectuada [&hellip;]<\/p>\n","protected":false},"author":19,"featured_media":238377,"comment_status":"closed","ping_status":"closed","sticky":false,"template":"","format":"standard","meta":{"footnotes":""},"categories":[6],"tags":[],"class_list":{"0":"post-238376","1":"post","2":"type-post","3":"status-publish","4":"format-standard","5":"has-post-thumbnail","7":"category-economia"},"_links":{"self":[{"href":"https:\/\/elluchador.info\/index.php?rest_route=\/wp\/v2\/posts\/238376","targetHints":{"allow":["GET"]}}],"collection":[{"href":"https:\/\/elluchador.info\/index.php?rest_route=\/wp\/v2\/posts"}],"about":[{"href":"https:\/\/elluchador.info\/index.php?rest_route=\/wp\/v2\/types\/post"}],"author":[{"embeddable":true,"href":"https:\/\/elluchador.info\/index.php?rest_route=\/wp\/v2\/users\/19"}],"replies":[{"embeddable":true,"href":"https:\/\/elluchador.info\/index.php?rest_route=%2Fwp%2Fv2%2Fcomments&post=238376"}],"version-history":[{"count":1,"href":"https:\/\/elluchador.info\/index.php?rest_route=\/wp\/v2\/posts\/238376\/revisions"}],"predecessor-version":[{"id":238378,"href":"https:\/\/elluchador.info\/index.php?rest_route=\/wp\/v2\/posts\/238376\/revisions\/238378"}],"wp:featuredmedia":[{"embeddable":true,"href":"https:\/\/elluchador.info\/index.php?rest_route=\/wp\/v2\/media\/238377"}],"wp:attachment":[{"href":"https:\/\/elluchador.info\/index.php?rest_route=%2Fwp%2Fv2%2Fmedia&parent=238376"}],"wp:term":[{"taxonomy":"category","embeddable":true,"href":"https:\/\/elluchador.info\/index.php?rest_route=%2Fwp%2Fv2%2Fcategories&post=238376"},{"taxonomy":"post_tag","embeddable":true,"href":"https:\/\/elluchador.info\/index.php?rest_route=%2Fwp%2Fv2%2Ftags&post=238376"}],"curies":[{"name":"wp","href":"https:\/\/api.w.org\/{rel}","templated":true}]}}