{"id":238383,"date":"2023-02-03T10:55:53","date_gmt":"2023-02-03T14:55:53","guid":{"rendered":"https:\/\/elluchador.info\/web\/?p=238383"},"modified":"2023-02-03T10:55:53","modified_gmt":"2023-02-03T14:55:53","slug":"esperan-que-se-instale-pronto-mesa-tecnica-para-fijar-metodologia-salarial","status":"publish","type":"post","link":"https:\/\/elluchador.info\/?p=238383","title":{"rendered":"Esperan que se instale pronto mesa t\u00e9cnica para fijar metodolog\u00eda salarial"},"content":{"rendered":"<p>El presidente de Fedec\u00e1maras, Carlos Fern\u00e1ndez, espera que la instalaci\u00f3n de la mesa t\u00e9cnica que se acord\u00f3 en la reuni\u00f3n tripartita para fijar el m\u00e9todo para el establecimiento del salario m\u00ednimo se haga \u00abpronto\u00bb.<\/p>\n<p>El representante empresarial aspira que se pueda presentar un avance ante el Consejo de Administraci\u00f3n de la OIT en marzo. Asimismo, precis\u00f3 que \u00abantes del 30 de abril tenemos que tener un m\u00e9todo fijado\u00bb.<\/p>\n<p>\u00abCon unas consideraciones y unos acuerdos que ya son mandatorios entre las partes. La mesa t\u00e9cnica tiene que salir con unos resultados sobre la metodolog\u00eda entre febrero y abril\u00bb, dijo.<\/p>\n<p>En entrevista agreg\u00f3 que se incorporar\u00e1n \u00abnuevos agentes diferentes a los actores sociales\u00bb que proveer\u00e1n diversas informaciones.<\/p>\n<p>Asimismo, mostr\u00f3 su preocupaci\u00f3n por el ritmo en el que se han desarrollado las resoluciones y considera que los involucrados deben \u00abbuscar la manera de tener m\u00e1s conexi\u00f3n\u00bb con las aspiraciones de los venezolanos.<\/p>\n<p>Fern\u00e1ndez record\u00f3 que el Ejecutivo ser\u00e1 el que fije el valor de los sueldos de los trabajadores, puesto que as\u00ed lo establecen las leyes venezolanas.<\/p>\n<p>Con informaci\u00f3n de unionradio.net<\/p>\n","protected":false},"excerpt":{"rendered":"<p>El presidente de Fedec\u00e1maras, Carlos Fern\u00e1ndez, espera que la instalaci\u00f3n de la mesa t\u00e9cnica que se acord\u00f3 en la reuni\u00f3n tripartita para fijar el m\u00e9todo para el establecimiento del salario m\u00ednimo se haga \u00abpronto\u00bb. El representante empresarial aspira que se pueda presentar un avance ante el Consejo de Administraci\u00f3n de la OIT en marzo. Asimismo, [&hellip;]<\/p>\n","protected":false},"author":19,"featured_media":238384,"comment_status":"closed","ping_status":"closed","sticky":false,"template":"","format":"standard","meta":{"footnotes":""},"categories":[6],"tags":[],"class_list":{"0":"post-238383","1":"post","2":"type-post","3":"status-publish","4":"format-standard","5":"has-post-thumbnail","7":"category-economia"},"_links":{"self":[{"href":"https:\/\/elluchador.info\/index.php?rest_route=\/wp\/v2\/posts\/238383","targetHints":{"allow":["GET"]}}],"collection":[{"href":"https:\/\/elluchador.info\/index.php?rest_route=\/wp\/v2\/posts"}],"about":[{"href":"https:\/\/elluchador.info\/index.php?rest_route=\/wp\/v2\/types\/post"}],"author":[{"embeddable":true,"href":"https:\/\/elluchador.info\/index.php?rest_route=\/wp\/v2\/users\/19"}],"replies":[{"embeddable":true,"href":"https:\/\/elluchador.info\/index.php?rest_route=%2Fwp%2Fv2%2Fcomments&post=238383"}],"version-history":[{"count":1,"href":"https:\/\/elluchador.info\/index.php?rest_route=\/wp\/v2\/posts\/238383\/revisions"}],"predecessor-version":[{"id":238385,"href":"https:\/\/elluchador.info\/index.php?rest_route=\/wp\/v2\/posts\/238383\/revisions\/238385"}],"wp:featuredmedia":[{"embeddable":true,"href":"https:\/\/elluchador.info\/index.php?rest_route=\/wp\/v2\/media\/238384"}],"wp:attachment":[{"href":"https:\/\/elluchador.info\/index.php?rest_route=%2Fwp%2Fv2%2Fmedia&parent=238383"}],"wp:term":[{"taxonomy":"category","embeddable":true,"href":"https:\/\/elluchador.info\/index.php?rest_route=%2Fwp%2Fv2%2Fcategories&post=238383"},{"taxonomy":"post_tag","embeddable":true,"href":"https:\/\/elluchador.info\/index.php?rest_route=%2Fwp%2Fv2%2Ftags&post=238383"}],"curies":[{"name":"wp","href":"https:\/\/api.w.org\/{rel}","templated":true}]}}