{"id":238386,"date":"2023-02-03T11:03:50","date_gmt":"2023-02-03T15:03:50","guid":{"rendered":"https:\/\/elluchador.info\/web\/?p=238386"},"modified":"2023-02-03T11:03:50","modified_gmt":"2023-02-03T15:03:50","slug":"presidente-de-ecuador-enredado-en-escandalo-de-corrupcion","status":"publish","type":"post","link":"https:\/\/elluchador.info\/?p=238386","title":{"rendered":"Presidente de Ecuador enredado en esc\u00e1ndalo de corrupci\u00f3n"},"content":{"rendered":"<p>El presidente de Ecuador, Guillermo Lasso, acus\u00f3 a periodistas del pa\u00eds suramericano de cometer \u201casesinato a la reputaci\u00f3n\u201d, en medio de un esc\u00e1ndalo de corrupci\u00f3n en empresas p\u00fablicas que involucra a su cu\u00f1ado Danilo Carrera, a quien ha defendido.<\/p>\n<p>Durante su discurso, adem\u00e1s, asegur\u00f3 que su administraci\u00f3n est\u00e1 bajo ataque. Sus declaraciones se dan en medio del esc\u00e1ndalo que se vive en Ecuador por la presunta existencia de una trama de corrupci\u00f3n en las empresas p\u00fablicas.<\/p>\n<p>La pol\u00e9mica surgi\u00f3 luego que el medio local publicara, a principios de enero, un informe en el que se\u00f1ala que la presunta trama es liderada por Carrera y estar\u00eda operando en la Corporaci\u00f3n El\u00e9ctrica del Ecuador.<\/p>\n<p>Seg\u00fan la investigaci\u00f3n, el cu\u00f1ado de Lasso, pese a no tener ning\u00fan cargo en el Gobierno, maneja las empresas p\u00fablicas y es quien decide qu\u00e9 firmas privadas trabajan con el Estado y cu\u00e1les no, a cambio de coimas.<\/p>\n<p>Con informaci\u00f3n de ultimasnoticias.com.ve<\/p>\n","protected":false},"excerpt":{"rendered":"<p>El presidente de Ecuador, Guillermo Lasso, acus\u00f3 a periodistas del pa\u00eds suramericano de cometer \u201casesinato a la reputaci\u00f3n\u201d, en medio de un esc\u00e1ndalo de corrupci\u00f3n en empresas p\u00fablicas que involucra a su cu\u00f1ado Danilo Carrera, a quien ha defendido. Durante su discurso, adem\u00e1s, asegur\u00f3 que su administraci\u00f3n est\u00e1 bajo ataque. Sus declaraciones se dan en [&hellip;]<\/p>\n","protected":false},"author":19,"featured_media":238389,"comment_status":"closed","ping_status":"closed","sticky":false,"template":"","format":"standard","meta":{"footnotes":""},"categories":[8],"tags":[],"class_list":{"0":"post-238386","1":"post","2":"type-post","3":"status-publish","4":"format-standard","5":"has-post-thumbnail","7":"category-internacionales"},"_links":{"self":[{"href":"https:\/\/elluchador.info\/index.php?rest_route=\/wp\/v2\/posts\/238386","targetHints":{"allow":["GET"]}}],"collection":[{"href":"https:\/\/elluchador.info\/index.php?rest_route=\/wp\/v2\/posts"}],"about":[{"href":"https:\/\/elluchador.info\/index.php?rest_route=\/wp\/v2\/types\/post"}],"author":[{"embeddable":true,"href":"https:\/\/elluchador.info\/index.php?rest_route=\/wp\/v2\/users\/19"}],"replies":[{"embeddable":true,"href":"https:\/\/elluchador.info\/index.php?rest_route=%2Fwp%2Fv2%2Fcomments&post=238386"}],"version-history":[{"count":1,"href":"https:\/\/elluchador.info\/index.php?rest_route=\/wp\/v2\/posts\/238386\/revisions"}],"predecessor-version":[{"id":238390,"href":"https:\/\/elluchador.info\/index.php?rest_route=\/wp\/v2\/posts\/238386\/revisions\/238390"}],"wp:featuredmedia":[{"embeddable":true,"href":"https:\/\/elluchador.info\/index.php?rest_route=\/wp\/v2\/media\/238389"}],"wp:attachment":[{"href":"https:\/\/elluchador.info\/index.php?rest_route=%2Fwp%2Fv2%2Fmedia&parent=238386"}],"wp:term":[{"taxonomy":"category","embeddable":true,"href":"https:\/\/elluchador.info\/index.php?rest_route=%2Fwp%2Fv2%2Fcategories&post=238386"},{"taxonomy":"post_tag","embeddable":true,"href":"https:\/\/elluchador.info\/index.php?rest_route=%2Fwp%2Fv2%2Ftags&post=238386"}],"curies":[{"name":"wp","href":"https:\/\/api.w.org\/{rel}","templated":true}]}}