{"id":238460,"date":"2023-02-05T16:58:53","date_gmt":"2023-02-05T20:58:53","guid":{"rendered":"https:\/\/elluchador.info\/web\/?p=238460"},"modified":"2023-02-05T16:58:53","modified_gmt":"2023-02-05T20:58:53","slug":"comunidad-4-de-febrero-es-reivindicada-bajo-la-gestion-sergio-hernandez","status":"publish","type":"post","link":"https:\/\/elluchador.info\/?p=238460","title":{"rendered":"Comunidad 4 de Febrero es reivindicada bajo la gesti\u00f3n Sergio Hern\u00e1ndez"},"content":{"rendered":"<p>Como parte de las pol\u00edticas transformadoras del alcalde Sergio Hern\u00e1ndez de la mano con el poder popular, iniciaron los trabajos para embellecer el sector 4 de febrero en la parroquia Agua Salada, en materia de servicios p\u00fablicos.<\/p>\n<p><img loading=\"lazy\" decoding=\"async\" class=\"alignnone size-medium wp-image-238462\" src=\"https:\/\/elluchador.info\/web\/wp-content\/uploads\/2023\/02\/03-1-300x225.jpg\" alt=\"\" width=\"300\" height=\"225\" srcset=\"https:\/\/elluchador.info\/wp-content\/uploads\/2023\/02\/03-1-300x225.jpg 300w, https:\/\/elluchador.info\/wp-content\/uploads\/2023\/02\/03-1-1024x768.jpg 1024w, https:\/\/elluchador.info\/wp-content\/uploads\/2023\/02\/03-1-768x576.jpg 768w, https:\/\/elluchador.info\/wp-content\/uploads\/2023\/02\/03-1-1536x1152.jpg 1536w, https:\/\/elluchador.info\/wp-content\/uploads\/2023\/02\/03-1-560x420.jpg 560w, https:\/\/elluchador.info\/wp-content\/uploads\/2023\/02\/03-1-80x60.jpg 80w, https:\/\/elluchador.info\/wp-content\/uploads\/2023\/02\/03-1-100x75.jpg 100w, https:\/\/elluchador.info\/wp-content\/uploads\/2023\/02\/03-1-180x135.jpg 180w, https:\/\/elluchador.info\/wp-content\/uploads\/2023\/02\/03-1-238x178.jpg 238w, https:\/\/elluchador.info\/wp-content\/uploads\/2023\/02\/03-1-640x480.jpg 640w, https:\/\/elluchador.info\/wp-content\/uploads\/2023\/02\/03-1-681x511.jpg 681w, https:\/\/elluchador.info\/wp-content\/uploads\/2023\/02\/03-1.jpg 2048w\" sizes=\"auto, (max-width: 300px) 100vw, 300px\" \/><\/p>\n<p>El l\u00edder municipal coment\u00f3 que continuando con Febrero Rebelde, los equipos municipales de la mano de las instituciones hermanas y la RAAS se trasladaron hasta ese sector para mantener las labores que permitan dignificar los espacios y recuperar otros para el bienestar del pueblo.<\/p>\n<p>Hern\u00e1ndez resalt\u00f3 que el primer d\u00eda se realiz\u00f3 una mesa de trabajo y despu\u00e9s se procedi\u00f3 a intervenir la zona, trabajo que previamente se ha ejecutado en la avenida Bol\u00edvar de Los Pr\u00f3ceres, donde se han erradicado varios vertederos espont\u00e1neos.<\/p>\n<p>La m\u00e1xima autoridad local, explic\u00f3 que la comunidad de 4 de Febrero, siempre ha sido victoriosa y leal, por ello, los equipos llevan esta mega jornada llena de amor a este lugar, bajo las pol\u00edticas del presidente Nicol\u00e1s Maduro y el gobernador \u00c1ngel Marcano.<\/p>\n<p><img loading=\"lazy\" decoding=\"async\" class=\"alignnone size-medium wp-image-238463\" src=\"https:\/\/elluchador.info\/web\/wp-content\/uploads\/2023\/02\/04-1-300x225.jpg\" alt=\"\" width=\"300\" height=\"225\" srcset=\"https:\/\/elluchador.info\/wp-content\/uploads\/2023\/02\/04-1-300x225.jpg 300w, https:\/\/elluchador.info\/wp-content\/uploads\/2023\/02\/04-1-1024x768.jpg 1024w, https:\/\/elluchador.info\/wp-content\/uploads\/2023\/02\/04-1-768x576.jpg 768w, https:\/\/elluchador.info\/wp-content\/uploads\/2023\/02\/04-1-1536x1152.jpg 1536w, https:\/\/elluchador.info\/wp-content\/uploads\/2023\/02\/04-1-2048x1536.jpg 2048w, https:\/\/elluchador.info\/wp-content\/uploads\/2023\/02\/04-1-560x420.jpg 560w, https:\/\/elluchador.info\/wp-content\/uploads\/2023\/02\/04-1-80x60.jpg 80w, https:\/\/elluchador.info\/wp-content\/uploads\/2023\/02\/04-1-100x75.jpg 100w, https:\/\/elluchador.info\/wp-content\/uploads\/2023\/02\/04-1-180x135.jpg 180w, https:\/\/elluchador.info\/wp-content\/uploads\/2023\/02\/04-1-238x178.jpg 238w, https:\/\/elluchador.info\/wp-content\/uploads\/2023\/02\/04-1-640x480.jpg 640w, https:\/\/elluchador.info\/wp-content\/uploads\/2023\/02\/04-1-681x511.jpg 681w\" sizes=\"auto, (max-width: 300px) 100vw, 300px\" \/><\/p>\n<p><strong>Limpieza integral<\/strong><\/p>\n<p>El director de Infraestructura Municipal, Sa\u00fal Castro acot\u00f3 que desde el final de la avenida hasta la entrada de 4 de Febrero, se mantienen las labores de desarenizaci\u00f3n de esa vialidad, donde los equipos est\u00e1n removiendo la arena y as\u00ed lograr despejar la v\u00eda, para el bienestar del pueblo y los transportistas.<\/p>\n<p>Castr\u00f3 indic\u00f3 adem\u00e1s que se mantienen las acciones de desmalezamiento y barrido en la zona.<\/p>\n<p>Adem\u00e1s de la recuperaci\u00f3n del alumbrado con la puesta en marcha de la tecnolog\u00eda LED en Ciudad Bol\u00edvar, porque estamos inmersos en las pol\u00edticas de ahorro energ\u00e9tico.<\/p>\n<p>Finaliz\u00f3 diciendo que seguir\u00e1n desplegados y en asambleas permanentes con los miembros de la comunidad, para seguir embelleciendo los espacios.<strong> Prensa Alcald\u00eda A\/O<\/strong><\/p>\n","protected":false},"excerpt":{"rendered":"<p>Como parte de las pol\u00edticas transformadoras del alcalde Sergio Hern\u00e1ndez de la mano con el poder popular, iniciaron los trabajos para embellecer el sector 4 de febrero en la parroquia Agua Salada, en materia de servicios p\u00fablicos. El l\u00edder municipal coment\u00f3 que continuando con Febrero Rebelde, los equipos municipales de la mano de las instituciones [&hellip;]<\/p>\n","protected":false},"author":19,"featured_media":238461,"comment_status":"closed","ping_status":"closed","sticky":false,"template":"","format":"standard","meta":{"footnotes":""},"categories":[5,20],"tags":[],"class_list":{"0":"post-238460","1":"post","2":"type-post","3":"status-publish","4":"format-standard","5":"has-post-thumbnail","7":"category-destacado","8":"category-municipal"},"_links":{"self":[{"href":"https:\/\/elluchador.info\/index.php?rest_route=\/wp\/v2\/posts\/238460","targetHints":{"allow":["GET"]}}],"collection":[{"href":"https:\/\/elluchador.info\/index.php?rest_route=\/wp\/v2\/posts"}],"about":[{"href":"https:\/\/elluchador.info\/index.php?rest_route=\/wp\/v2\/types\/post"}],"author":[{"embeddable":true,"href":"https:\/\/elluchador.info\/index.php?rest_route=\/wp\/v2\/users\/19"}],"replies":[{"embeddable":true,"href":"https:\/\/elluchador.info\/index.php?rest_route=%2Fwp%2Fv2%2Fcomments&post=238460"}],"version-history":[{"count":1,"href":"https:\/\/elluchador.info\/index.php?rest_route=\/wp\/v2\/posts\/238460\/revisions"}],"predecessor-version":[{"id":238464,"href":"https:\/\/elluchador.info\/index.php?rest_route=\/wp\/v2\/posts\/238460\/revisions\/238464"}],"wp:featuredmedia":[{"embeddable":true,"href":"https:\/\/elluchador.info\/index.php?rest_route=\/wp\/v2\/media\/238461"}],"wp:attachment":[{"href":"https:\/\/elluchador.info\/index.php?rest_route=%2Fwp%2Fv2%2Fmedia&parent=238460"}],"wp:term":[{"taxonomy":"category","embeddable":true,"href":"https:\/\/elluchador.info\/index.php?rest_route=%2Fwp%2Fv2%2Fcategories&post=238460"},{"taxonomy":"post_tag","embeddable":true,"href":"https:\/\/elluchador.info\/index.php?rest_route=%2Fwp%2Fv2%2Ftags&post=238460"}],"curies":[{"name":"wp","href":"https:\/\/api.w.org\/{rel}","templated":true}]}}