{"id":238511,"date":"2023-02-06T12:05:29","date_gmt":"2023-02-06T16:05:29","guid":{"rendered":"https:\/\/elluchador.info\/web\/?p=238511"},"modified":"2023-02-06T12:05:29","modified_gmt":"2023-02-06T16:05:29","slug":"24-muertos-un-millar-de-heridos-y-10-detenidos-dejan-incendios-en-chile","status":"publish","type":"post","link":"https:\/\/elluchador.info\/?p=238511","title":{"rendered":"24 muertos, un millar de heridos y 10 detenidos dejan incendios en Chile"},"content":{"rendered":"<p>El Gobierno de Chile inform\u00f3 este domingo que hay diez personas detenidas por su presunta implicaci\u00f3n en los devastadores incendios que est\u00e1n destruyendo millas de extensi\u00f3n en regiones del centro y sur del pa\u00eds. \u00abLa generaci\u00f3n intencional de incendios va a ser perseguida penalmente por el Gobierno. Las penas van de 5 a los 20 a\u00f1os\u00bb, asegur\u00f3 el subsecretario del Interior, Manuel Monsalve.<\/p>\n<p>Adem\u00e1s, en las \u00faltimas horas un hombre que estaba hospitalizado en la localidad de Angol, en la regi\u00f3n de La Araucan\u00eda, muri\u00f3 debido a las graves heridas que sufr\u00eda, lo que aument\u00f3 a 24 el saldo de v\u00edctimas mortales. Monsalve dijo que adem\u00e1s \u201chay 26 personas hospitalizadas\u201d en condiciones de extrema gravedad. En total, hay 997 personas heridas como consecuencia de los incendios.<\/p>\n<p>Un saldo provisorio entregado por las autoridades habla de m\u00e1s de 100.000 hect\u00e1reas destruidas y 800 viviendas arrasadas por las llamas, que se han visto favorecidas por los vientos y temperaturas que han bordeado los 40 grados. Seg\u00fan el \u00faltimo informe del Servicio Nacional de Prevenci\u00f3n y Respuesta ante Desastres (Senapred), actualmente hay 260 incendios activos en todo el pa\u00eds, de los cuales, 51 est\u00e1n fuera de control.<\/p>\n<p>Bruselas lista para ayudar<\/p>\n<p>El subsecretario Monsalve asegur\u00f3 que \u00abla actividad de los incendios durante el transcurso de la noche fue menor a la esperada\u00bb porque las temperaturas se han moderado levemente, pero alert\u00f3 que a partir del martes el sur enfrentar\u00e1 una nueva ola de calor. El presidente Gabriel Boric, por su parte, asisti\u00f3 al velorio de una bombera en la localidad de Coronel.<\/p>\n<p>\u00abChile entero llora con ustedes. Estoy ac\u00e1 para decirles que no est\u00e1n solos, que la familia de Yesenia (Mu\u00f1oz, la bombera fallecida) no va a estar sola\u00bb, dijo el mandatario. La Comisi\u00f3n Europea, en tanto, dijo estar \u201cpreparada\u201d para ayudar a Chile \u201cpara que las zonas m\u00e1s afectadas reciban el apoyo necesario\u201d, escribi\u00f3 en su perfil de Twitter el comisario europeo de Gesti\u00f3n de Crisis, Janez Lenarcic.<\/p>\n<p>Con informaci\u00f3n de Deutsche Welle.<\/p>\n","protected":false},"excerpt":{"rendered":"<p>El Gobierno de Chile inform\u00f3 este domingo que hay diez personas detenidas por su presunta implicaci\u00f3n en los devastadores incendios que est\u00e1n destruyendo millas de extensi\u00f3n en regiones del centro y sur del pa\u00eds. \u00abLa generaci\u00f3n intencional de incendios va a ser perseguida penalmente por el Gobierno. Las penas van de 5 a los 20 [&hellip;]<\/p>\n","protected":false},"author":19,"featured_media":238512,"comment_status":"closed","ping_status":"closed","sticky":false,"template":"","format":"standard","meta":{"footnotes":""},"categories":[8],"tags":[],"class_list":{"0":"post-238511","1":"post","2":"type-post","3":"status-publish","4":"format-standard","5":"has-post-thumbnail","7":"category-internacionales"},"_links":{"self":[{"href":"https:\/\/elluchador.info\/index.php?rest_route=\/wp\/v2\/posts\/238511","targetHints":{"allow":["GET"]}}],"collection":[{"href":"https:\/\/elluchador.info\/index.php?rest_route=\/wp\/v2\/posts"}],"about":[{"href":"https:\/\/elluchador.info\/index.php?rest_route=\/wp\/v2\/types\/post"}],"author":[{"embeddable":true,"href":"https:\/\/elluchador.info\/index.php?rest_route=\/wp\/v2\/users\/19"}],"replies":[{"embeddable":true,"href":"https:\/\/elluchador.info\/index.php?rest_route=%2Fwp%2Fv2%2Fcomments&post=238511"}],"version-history":[{"count":1,"href":"https:\/\/elluchador.info\/index.php?rest_route=\/wp\/v2\/posts\/238511\/revisions"}],"predecessor-version":[{"id":238513,"href":"https:\/\/elluchador.info\/index.php?rest_route=\/wp\/v2\/posts\/238511\/revisions\/238513"}],"wp:featuredmedia":[{"embeddable":true,"href":"https:\/\/elluchador.info\/index.php?rest_route=\/wp\/v2\/media\/238512"}],"wp:attachment":[{"href":"https:\/\/elluchador.info\/index.php?rest_route=%2Fwp%2Fv2%2Fmedia&parent=238511"}],"wp:term":[{"taxonomy":"category","embeddable":true,"href":"https:\/\/elluchador.info\/index.php?rest_route=%2Fwp%2Fv2%2Fcategories&post=238511"},{"taxonomy":"post_tag","embeddable":true,"href":"https:\/\/elluchador.info\/index.php?rest_route=%2Fwp%2Fv2%2Ftags&post=238511"}],"curies":[{"name":"wp","href":"https:\/\/api.w.org\/{rel}","templated":true}]}}