{"id":238557,"date":"2023-02-06T19:52:53","date_gmt":"2023-02-06T23:52:53","guid":{"rendered":"https:\/\/elluchador.info\/web\/?p=238557"},"modified":"2023-02-06T19:52:53","modified_gmt":"2023-02-06T23:52:53","slug":"consejos-para-la-prevencion-de-la-neumonia","status":"publish","type":"post","link":"https:\/\/elluchador.info\/?p=238557","title":{"rendered":"Consejos para la prevenci\u00f3n de la neumon\u00eda"},"content":{"rendered":"<p>La neumon\u00eda se produce cuando un\u00a0<strong>germen infeccioso<\/strong>, generalmente un virus o una bacteria, invade el tejido pulmonar: su prevenci\u00f3n es vital para evitar problemas mayores.<\/p>\n<blockquote class=\"wp-block-quote\"><p>\u201cLos pulmones est\u00e1n formados por peque\u00f1os sacos, llamados alveolos, que (en las personas sanas) se llenan de aire al respirar. Los alveolos de los enfermos de neumon\u00eda est\u00e1n llenos de pus y l\u00edquido, lo que hace dolorosa la respiraci\u00f3n y limita la absorci\u00f3n de ox\u00edgeno\u201d, explica la Organizaci\u00f3n Mundial de la Salud (OMS).<\/p><\/blockquote>\n<p>Por lo general, la neumon\u00eda\u00a0<strong>est\u00e1 causada por virus o por bacterias<\/strong>, aunque tambi\u00e9n los\u00a0<strong>hongos<\/strong>\u00a0pueden desencadenar esta enfermedad.<\/p>\n<p>\u201cEl mecanismo m\u00e1s frecuente es la aspiraci\u00f3n de microorganismos desde las v\u00edas respiratorias m\u00e1s altas. Las defensas del organismo pueden debilitarse por determinadas circunstancias como el consumo de tabaco, las enfermedades pulmonares cr\u00f3nicas, el alcoholismo, la desnutrici\u00f3n, etc. y facilitar as\u00ed que estos g\u00e9rmenes alcancen el pulm\u00f3n y produzcan infecciones\u201d, detallan los especialistas de la\u00a0<strong>Cl\u00ednica Universidad de Navarra<\/strong>.<\/p>\n<p>En la actualidad, entre las causas principales de neumon\u00eda se encuentran la infecci\u00f3n por el neumococo, por el virus de la gripe y por el coronavirus, seg\u00fan datos de la\u00a0<strong>Sociedad Espa\u00f1ola de Neumolog\u00eda y Cirug\u00eda Tor\u00e1cica (SEPAR)<\/strong>.<\/p>\n<h2 class=\"wp-block-heading\">Conoce sus s\u00edntomas<\/h2>\n<p>Los especialistas de la Cl\u00ednica Universidad de Navarra subrayan que los\u00a0<strong>s\u00edntomas de las neumon\u00edas son variables<\/strong>, sin que ello tenga siempre relaci\u00f3n con el tipo de germen que la ha causado. Los m\u00e1s habituales son:<\/p>\n<ul>\n<li><strong>Tos con expectoraci\u00f3n purulenta o herrumbrosa, en ocasiones con sangre<\/strong>.<\/li>\n<li><strong>Dolor tor\u00e1cico<\/strong>.<\/li>\n<li><strong>Fiebre con escalofr\u00edos<\/strong>.<\/li>\n<\/ul>\n<p>\u201cOtras neumon\u00edas, llamadas at\u00edpicas, producen s\u00edntomas m\u00e1s graduales con d\u00e9cimas de fiebre, malestar general, dolores musculares y articulares, cansancio y dolor de cabeza. La tos es seca, sin expectoraci\u00f3n, y el dolor tor\u00e1cico menos intenso. Algunos pacientes pueden tener s\u00edntomas digestivos leves como n\u00e1useas, v\u00f3mitos y diarreas\u201d, apuntan.<\/p>\n<p>\u201cSi la neumon\u00eda es extensa o hay una enfermedad pulmonar o cardiaca previa, puede aparecer dificultad respiratoria. Adem\u00e1s, si los g\u00e9rmenes pasan a la circulaci\u00f3n sangu\u00ednea, producen una bacteriemia que puede conducir a un shock s\u00e9ptico\u201d, detallan.<\/p>\n<h3 class=\"wp-block-heading\">En el caso de ancianos<\/h3>\n<p>Asimismo, se\u00f1alan que, en personas ancianas, los\u00a0<strong>s\u00edntomas iniciales<\/strong>\u00a0pueden ser menos llamativos:<\/p>\n<ul>\n<li><strong>Fiebre poco elevada o ausente.<\/strong><\/li>\n<li><strong>Tos escasa.<\/strong><\/li>\n<li><strong>Alteraci\u00f3n del comportamiento.<\/strong><\/li>\n<\/ul>\n<h2 class=\"wp-block-heading\">\nPerfil del paciente<\/h2>\n<p>La\u00a0<strong>neumon\u00eda\u00a0<\/strong>afecta principalmente a las personas que se hallan en los\u00a0<strong>extremos de la vida<\/strong>, es decir, a los\u00a0<strong>ni\u00f1os menores de 5 a\u00f1os y a los adultos mayores de 60,<\/strong>\u00a0aunque puede darse a cualquier edad. Tambi\u00e9n es m\u00e1s frecuente en personas con afecciones cr\u00f3nicas que implican\u00a0<strong>inmunosupresi\u00f3n<\/strong>\u00a0(debilidad del sistema inmune) como enfermedades autoinmunes, procesos oncol\u00f3gicos con quimioterapia o haber recibido un trasplante de \u00f3rganos, entre otras.<\/p>\n<div class=\"wp-block-image\">\n<figure class=\"aligncenter size-large is-resized\"><img loading=\"lazy\" decoding=\"async\" class=\"wp-image-301396 lazyautosizes lazyloaded\" style=\"box-sizing: border-box; height: auto; max-width: 100%; border-style: none; vertical-align: bottom; transition: all 0.3s ease-out 0s; display: inline-block; margin-bottom: 15px;\" src=\"https:\/\/efesalud.com\/wp-content\/uploads\/2023\/02\/prevenir-neumonia-perfil-paciente-1024x683.jpg\" sizes=\"auto, 512px\" srcset=\"https:\/\/efesalud.com\/wp-content\/uploads\/2023\/02\/prevenir-neumonia-perfil-paciente-1024x683.jpg 1024w, https:\/\/efesalud.com\/wp-content\/uploads\/2023\/02\/prevenir-neumonia-perfil-paciente-300x200.jpg 300w, https:\/\/efesalud.com\/wp-content\/uploads\/2023\/02\/prevenir-neumonia-perfil-paciente-768x512.jpg 768w, https:\/\/efesalud.com\/wp-content\/uploads\/2023\/02\/prevenir-neumonia-perfil-paciente-1536x1024.jpg 1536w, https:\/\/efesalud.com\/wp-content\/uploads\/2023\/02\/prevenir-neumonia-perfil-paciente-1200x800.jpg 1200w, https:\/\/efesalud.com\/wp-content\/uploads\/2023\/02\/prevenir-neumonia-perfil-paciente.jpg 1920w\" alt=\"prevenir-neumon\u00eda-perfil-paciente\" width=\"512\" height=\"342\" data-attachment-id=\"301396\" data-permalink=\"https:\/\/efesalud.com\/prevencion-neumonia-consejos\/prevenir-neumonia-perfil-paciente\/\" data-orig-file=\"https:\/\/efesalud.com\/wp-content\/uploads\/2023\/02\/prevenir-neumonia-perfil-paciente.jpg\" data-orig-size=\"1920,1280\" data-comments-opened=\"0\" data-image-meta=\"{&quot;aperture&quot;:&quot;0&quot;,&quot;credit&quot;:&quot;&quot;,&quot;camera&quot;:&quot;&quot;,&quot;caption&quot;:&quot;&quot;,&quot;created_timestamp&quot;:&quot;0&quot;,&quot;copyright&quot;:&quot;&quot;,&quot;focal_length&quot;:&quot;0&quot;,&quot;iso&quot;:&quot;0&quot;,&quot;shutter_speed&quot;:&quot;0&quot;,&quot;title&quot;:&quot;&quot;,&quot;orientation&quot;:&quot;0&quot;}\" data-image-title=\"prevenir-neumon\u00eda-perfil-paciente\" data-image-description=\"\" data-image-caption=\"&lt;p&gt;La neumon\u00eda afecta principalmente a las personas que se hallan en los extremos de la vida, es decir, a los ni\u00f1os y a los adultos mayores de 60, aunque puede darse a cualquier edad. EFE\/ Bienvenido Velasco&lt;\/p&gt;\n\" data-medium-file=\"https:\/\/efesalud.com\/wp-content\/uploads\/2023\/02\/prevenir-neumonia-perfil-paciente-300x200.jpg\" data-large-file=\"https:\/\/efesalud.com\/wp-content\/uploads\/2023\/02\/prevenir-neumonia-perfil-paciente-1024x683.jpg\" data-src=\"https:\/\/efesalud.com\/wp-content\/uploads\/2023\/02\/prevenir-neumonia-perfil-paciente-1024x683.jpg\" data-srcset=\"https:\/\/efesalud.com\/wp-content\/uploads\/2023\/02\/prevenir-neumonia-perfil-paciente-1024x683.jpg 1024w, https:\/\/efesalud.com\/wp-content\/uploads\/2023\/02\/prevenir-neumonia-perfil-paciente-300x200.jpg 300w, https:\/\/efesalud.com\/wp-content\/uploads\/2023\/02\/prevenir-neumonia-perfil-paciente-768x512.jpg 768w, https:\/\/efesalud.com\/wp-content\/uploads\/2023\/02\/prevenir-neumonia-perfil-paciente-1536x1024.jpg 1536w, https:\/\/efesalud.com\/wp-content\/uploads\/2023\/02\/prevenir-neumonia-perfil-paciente-1200x800.jpg 1200w, https:\/\/efesalud.com\/wp-content\/uploads\/2023\/02\/prevenir-neumonia-perfil-paciente.jpg 1920w\" data-sizes=\"auto\" \/><figcaption class=\"wp-element-caption\">EFE\/ Bienvenido Velasco<\/figcaption><\/figure>\n<\/div>\n<p>La neumon\u00eda es, asimismo, m\u00e1s habitual entre los afectados por otras e<strong>nfermedades cr\u00f3nicas<\/strong>, aunque no conlleven inmunosupresi\u00f3n, como patolog\u00edas cardiacas, respiratorias, hep\u00e1ticas y renales. Los h\u00e1bitos nocivos para la salud como el tabaquismo tambi\u00e9n suponen un mayor riesgo de neumon\u00eda.<\/p>\n<h3 class=\"wp-block-heading\">Factores de riesgo<\/h3>\n<p>Los expertos del hospital Cl\u00ednic de Barcelona explican que existen varios factores de riesgo que se asocian con la\u00a0<strong>mortalidad\u00a0<\/strong>en la neumon\u00eda como:<\/p>\n<ul>\n<li><strong>La bacteriemia o presencia de microorganismos en la sangre<\/strong>.<\/li>\n<li><strong>La necesidad de ingreso en una unidad de cuidados intensivos.<\/strong><\/li>\n<li><strong>Las enfermedades cr\u00f3nicas.<\/strong><\/li>\n<li><strong>La neumon\u00eda causada por una bacteria resistente a los antibi\u00f3ticos.<\/strong><\/li>\n<\/ul>\n<h2 class=\"wp-block-heading\">\nPrevenci\u00f3n de la neumon\u00eda: esto dicen los expertos<\/h2>\n<p>Para la prevenci\u00f3n de la neumon\u00eda y sus consecuencias, se pueden adoptar\u00a0<strong>varias medidas<\/strong>.<\/p>\n<h3 class=\"wp-block-heading\">Vacunaci\u00f3n<\/h3>\n<figure class=\"wp-block-image aligncenter size-large is-resized\"><img loading=\"lazy\" decoding=\"async\" class=\"wp-image-301400 lazyautosizes lazyloaded\" style=\"box-sizing: border-box; height: auto; max-width: 100%; border-style: none; vertical-align: bottom; transition: all 0.3s ease-out 0s; display: inline-block; margin-bottom: 15px;\" src=\"https:\/\/efesalud.com\/wp-content\/uploads\/2023\/02\/prevenir-nuemonia-vacunacion-1024x683.jpg\" sizes=\"auto, 512px\" srcset=\"https:\/\/efesalud.com\/wp-content\/uploads\/2023\/02\/prevenir-nuemonia-vacunacion-1024x683.jpg 1024w, https:\/\/efesalud.com\/wp-content\/uploads\/2023\/02\/prevenir-nuemonia-vacunacion-300x200.jpg 300w, https:\/\/efesalud.com\/wp-content\/uploads\/2023\/02\/prevenir-nuemonia-vacunacion-768x512.jpg 768w, https:\/\/efesalud.com\/wp-content\/uploads\/2023\/02\/prevenir-nuemonia-vacunacion-1536x1024.jpg 1536w, https:\/\/efesalud.com\/wp-content\/uploads\/2023\/02\/prevenir-nuemonia-vacunacion-1200x800.jpg 1200w, https:\/\/efesalud.com\/wp-content\/uploads\/2023\/02\/prevenir-nuemonia-vacunacion.jpg 1920w\" alt=\"prevenir-neumon\u00eda-vacunaci\u00f3n\" width=\"512\" height=\"342\" data-attachment-id=\"301400\" data-permalink=\"https:\/\/efesalud.com\/prevencion-neumonia-consejos\/prevenir-nuemonia-vacunacion\/\" data-orig-file=\"https:\/\/efesalud.com\/wp-content\/uploads\/2023\/02\/prevenir-nuemonia-vacunacion.jpg\" data-orig-size=\"1920,1280\" data-comments-opened=\"0\" data-image-meta=\"{&quot;aperture&quot;:&quot;0&quot;,&quot;credit&quot;:&quot;&quot;,&quot;camera&quot;:&quot;&quot;,&quot;caption&quot;:&quot;&quot;,&quot;created_timestamp&quot;:&quot;0&quot;,&quot;copyright&quot;:&quot;&quot;,&quot;focal_length&quot;:&quot;0&quot;,&quot;iso&quot;:&quot;0&quot;,&quot;shutter_speed&quot;:&quot;0&quot;,&quot;title&quot;:&quot;&quot;,&quot;orientation&quot;:&quot;0&quot;}\" data-image-title=\"prevenir-neumon\u00eda-vacunaci\u00f3n\" data-image-description=\"\" data-image-caption=\"&lt;p&gt;EFE\/ Andre Coelho&lt;\/p&gt;\n\" data-medium-file=\"https:\/\/efesalud.com\/wp-content\/uploads\/2023\/02\/prevenir-nuemonia-vacunacion-300x200.jpg\" data-large-file=\"https:\/\/efesalud.com\/wp-content\/uploads\/2023\/02\/prevenir-nuemonia-vacunacion-1024x683.jpg\" data-src=\"https:\/\/efesalud.com\/wp-content\/uploads\/2023\/02\/prevenir-nuemonia-vacunacion-1024x683.jpg\" data-srcset=\"https:\/\/efesalud.com\/wp-content\/uploads\/2023\/02\/prevenir-nuemonia-vacunacion-1024x683.jpg 1024w, https:\/\/efesalud.com\/wp-content\/uploads\/2023\/02\/prevenir-nuemonia-vacunacion-300x200.jpg 300w, https:\/\/efesalud.com\/wp-content\/uploads\/2023\/02\/prevenir-nuemonia-vacunacion-768x512.jpg 768w, https:\/\/efesalud.com\/wp-content\/uploads\/2023\/02\/prevenir-nuemonia-vacunacion-1536x1024.jpg 1536w, https:\/\/efesalud.com\/wp-content\/uploads\/2023\/02\/prevenir-nuemonia-vacunacion-1200x800.jpg 1200w, https:\/\/efesalud.com\/wp-content\/uploads\/2023\/02\/prevenir-nuemonia-vacunacion.jpg 1920w\" data-sizes=\"auto\" \/><figcaption class=\"wp-element-caption\">EFE\/ Andre Coelho<\/figcaption><\/figure>\n<p>Una de ellas es vacunarse contra los\u00a0<strong>principales g\u00e9rmenes causantes de la enfermedad<\/strong>:<\/p>\n<h4 class=\"wp-block-heading\">Neumococo<\/h4>\n<p>El neumococo (<em>Streptococcus pneumoniae<\/em>) es una\u00a0<strong>bacteria\u00a0<\/strong>de la que existen unos\u00a0<strong>98 tipos diferentes<\/strong>.<\/p>\n<p>Hay dos vacunas contra ella:<\/p>\n<ul>\n<li><strong>La vacuna 13-valente protege contra 13 de estos tipos<\/strong><\/li>\n<li><strong>La vacuna 23-valente, contra 23 de ellos.<\/strong><\/li>\n<\/ul>\n<p>Los especialistas del Instituto Nacional del Coraz\u00f3n, el Pulm\u00f3n y la Sangre de Estados Unidos manifiestan que las vacunas antineumoc\u00f3cicas son especialmente importantes para personas con alto riesgo de neumon\u00eda como los adultos de 65 a\u00f1os o m\u00e1s, los ni\u00f1os de 2 a\u00f1os o menores de esta edad, las personas con enfermedades cr\u00f3nicas o con un sistema inmunitario d\u00e9bil.<\/p>\n<p>Esto puede incluir pacientes con c\u00e1ncer, VIH, asma, enfermedad de c\u00e9lulas falciformes o da\u00f1o en el bazo. Asimismo, esta entidad recomienda vacunarse contra el neumococo a los fumadores.<\/p>\n<h4 class=\"wp-block-heading\">El virus de la gripe<\/h4>\n<p>En cuanto a la vacuna antigripal, los especialistas del Hospital Cl\u00ednic recuerdan que se debe administrar a las personas que presentan un mayor riesgo de complicaciones si enferman de gripe, es decir, a los ancianos, a los pacientes con enfermedades cr\u00f3nicas y a las embarazadas, adem\u00e1s de al personal sanitario.<\/p>\n<h4 class=\"wp-block-heading\">COVID<\/h4>\n<p>En lo relativo al\u00a0SARS-CoV2, la Organizaci\u00f3n Mundial de la Salud (OMS) manifiesta que hay disponibles vacunas eficaces y seguras que proporcionan una buena protecci\u00f3n contra los s\u00edntomas graves, la hospitalizaci\u00f3n y muerte por covid-19.<\/p>\n<h3 class=\"wp-block-heading\">Dejar de fumar<\/h3>\n<div class=\"wp-block-image\">\n<figure class=\"alignleft size-large is-resized\"><img loading=\"lazy\" decoding=\"async\" class=\"wp-image-301392 lazyautosizes lazyloaded\" style=\"box-sizing: border-box; height: auto; max-width: 100%; border-style: none; vertical-align: bottom; transition: all 0.3s ease-out 0s; display: inline-block; margin-bottom: 5px !important;\" src=\"https:\/\/efesalud.com\/wp-content\/uploads\/2023\/02\/prevenir-neumonia-dejar-de-fumar-768x1024.jpg\" sizes=\"auto, 344px\" srcset=\"https:\/\/efesalud.com\/wp-content\/uploads\/2023\/02\/prevenir-neumonia-dejar-de-fumar-768x1024.jpg 768w, https:\/\/efesalud.com\/wp-content\/uploads\/2023\/02\/prevenir-neumonia-dejar-de-fumar-225x300.jpg 225w, https:\/\/efesalud.com\/wp-content\/uploads\/2023\/02\/prevenir-neumonia-dejar-de-fumar-1152x1536.jpg 1152w, https:\/\/efesalud.com\/wp-content\/uploads\/2023\/02\/prevenir-neumonia-dejar-de-fumar-900x1200.jpg?crop=1 900w, https:\/\/efesalud.com\/wp-content\/uploads\/2023\/02\/prevenir-neumonia-dejar-de-fumar-600x800.jpg?crop=1 600w, https:\/\/efesalud.com\/wp-content\/uploads\/2023\/02\/prevenir-neumonia-dejar-de-fumar-300x400.jpg?crop=1 300w, https:\/\/efesalud.com\/wp-content\/uploads\/2023\/02\/prevenir-neumonia-dejar-de-fumar-150x200.jpg?crop=1 150w, https:\/\/efesalud.com\/wp-content\/uploads\/2023\/02\/prevenir-neumonia-dejar-de-fumar-1200x1600.jpg 1200w, https:\/\/efesalud.com\/wp-content\/uploads\/2023\/02\/prevenir-neumonia-dejar-de-fumar.jpg 1296w\" alt=\"prevenir-neumon\u00eda-dejar de fumar\" width=\"344\" height=\"459\" data-attachment-id=\"301392\" data-permalink=\"https:\/\/efesalud.com\/prevencion-neumonia-consejos\/espana-dia-sin-tabaco\/\" data-orig-file=\"https:\/\/efesalud.com\/wp-content\/uploads\/2023\/02\/prevenir-neumonia-dejar-de-fumar.jpg\" data-orig-size=\"1296,1728\" data-comments-opened=\"0\" data-image-meta=\"{&quot;aperture&quot;:&quot;0&quot;,&quot;credit&quot;:&quot;EFE&quot;,&quot;camera&quot;:&quot;&quot;,&quot;caption&quot;:&quot;Una medida destacada para prevenir la neumon\\u00eda es dejar de fumar. EFE\\\/ J.J.Guillen&quot;,&quot;created_timestamp&quot;:&quot;1673347478&quot;,&quot;copyright&quot;:&quot;&quot;,&quot;focal_length&quot;:&quot;0&quot;,&quot;iso&quot;:&quot;0&quot;,&quot;shutter_speed&quot;:&quot;0&quot;,&quot;title&quot;:&quot;ESPA\\u00d1A D\\u00cdA SIN TABACO&quot;,&quot;orientation&quot;:&quot;0&quot;}\" data-image-title=\"prevenir-neumon\u00eda-dejar de fumar\" data-image-description=\"\" data-image-caption=\"&lt;p&gt;Una medida destacada para prevenir la neumon\u00eda es dejar de fumar. EFE\/ J.J.Guillen&lt;\/p&gt;\n\" data-medium-file=\"https:\/\/efesalud.com\/wp-content\/uploads\/2023\/02\/prevenir-neumonia-dejar-de-fumar-225x300.jpg\" data-large-file=\"https:\/\/efesalud.com\/wp-content\/uploads\/2023\/02\/prevenir-neumonia-dejar-de-fumar-768x1024.jpg\" data-src=\"https:\/\/efesalud.com\/wp-content\/uploads\/2023\/02\/prevenir-neumonia-dejar-de-fumar-768x1024.jpg\" data-srcset=\"https:\/\/efesalud.com\/wp-content\/uploads\/2023\/02\/prevenir-neumonia-dejar-de-fumar-768x1024.jpg 768w, https:\/\/efesalud.com\/wp-content\/uploads\/2023\/02\/prevenir-neumonia-dejar-de-fumar-225x300.jpg 225w, https:\/\/efesalud.com\/wp-content\/uploads\/2023\/02\/prevenir-neumonia-dejar-de-fumar-1152x1536.jpg 1152w, https:\/\/efesalud.com\/wp-content\/uploads\/2023\/02\/prevenir-neumonia-dejar-de-fumar-900x1200.jpg?crop=1 900w, https:\/\/efesalud.com\/wp-content\/uploads\/2023\/02\/prevenir-neumonia-dejar-de-fumar-600x800.jpg?crop=1 600w, https:\/\/efesalud.com\/wp-content\/uploads\/2023\/02\/prevenir-neumonia-dejar-de-fumar-300x400.jpg?crop=1 300w, https:\/\/efesalud.com\/wp-content\/uploads\/2023\/02\/prevenir-neumonia-dejar-de-fumar-150x200.jpg?crop=1 150w, https:\/\/efesalud.com\/wp-content\/uploads\/2023\/02\/prevenir-neumonia-dejar-de-fumar-1200x1600.jpg 1200w, https:\/\/efesalud.com\/wp-content\/uploads\/2023\/02\/prevenir-neumonia-dejar-de-fumar.jpg 1296w\" data-sizes=\"auto\" \/><figcaption class=\"wp-element-caption\">EFE\/ J.J.Guillen<\/figcaption><\/figure>\n<\/div>\n<p>Otra medida destacada para la prevenci\u00f3n de la neumon\u00eda es\u00a0<strong>dejar de fumar<\/strong>.<\/p>\n<p>Los especialistas del Hospital Cl\u00ednic de Barcelona subrayan que fumar multiplica por 4 el riesgo de tener una neumon\u00eda. Por el contrario, \u201cel abandono del h\u00e1bito tab\u00e1quico disminuye a la mitad el riesgo de neumon\u00eda en los siguientes 5 a\u00f1os\u201d, apuntan.<\/p>\n","protected":false},"excerpt":{"rendered":"<p>La neumon\u00eda se produce cuando un\u00a0germen infeccioso, generalmente un virus o una bacteria, invade el tejido pulmonar: su prevenci\u00f3n es vital para evitar problemas mayores. \u201cLos pulmones est\u00e1n formados por peque\u00f1os sacos, llamados alveolos, que (en las personas sanas) se llenan de aire al respirar. Los alveolos de los enfermos de neumon\u00eda est\u00e1n llenos de [&hellip;]<\/p>\n","protected":false},"author":19,"featured_media":238558,"comment_status":"closed","ping_status":"closed","sticky":false,"template":"","format":"standard","meta":{"footnotes":""},"categories":[19],"tags":[],"class_list":{"0":"post-238557","1":"post","2":"type-post","3":"status-publish","4":"format-standard","5":"has-post-thumbnail","7":"category-salud"},"_links":{"self":[{"href":"https:\/\/elluchador.info\/index.php?rest_route=\/wp\/v2\/posts\/238557","targetHints":{"allow":["GET"]}}],"collection":[{"href":"https:\/\/elluchador.info\/index.php?rest_route=\/wp\/v2\/posts"}],"about":[{"href":"https:\/\/elluchador.info\/index.php?rest_route=\/wp\/v2\/types\/post"}],"author":[{"embeddable":true,"href":"https:\/\/elluchador.info\/index.php?rest_route=\/wp\/v2\/users\/19"}],"replies":[{"embeddable":true,"href":"https:\/\/elluchador.info\/index.php?rest_route=%2Fwp%2Fv2%2Fcomments&post=238557"}],"version-history":[{"count":1,"href":"https:\/\/elluchador.info\/index.php?rest_route=\/wp\/v2\/posts\/238557\/revisions"}],"predecessor-version":[{"id":238559,"href":"https:\/\/elluchador.info\/index.php?rest_route=\/wp\/v2\/posts\/238557\/revisions\/238559"}],"wp:featuredmedia":[{"embeddable":true,"href":"https:\/\/elluchador.info\/index.php?rest_route=\/wp\/v2\/media\/238558"}],"wp:attachment":[{"href":"https:\/\/elluchador.info\/index.php?rest_route=%2Fwp%2Fv2%2Fmedia&parent=238557"}],"wp:term":[{"taxonomy":"category","embeddable":true,"href":"https:\/\/elluchador.info\/index.php?rest_route=%2Fwp%2Fv2%2Fcategories&post=238557"},{"taxonomy":"post_tag","embeddable":true,"href":"https:\/\/elluchador.info\/index.php?rest_route=%2Fwp%2Fv2%2Ftags&post=238557"}],"curies":[{"name":"wp","href":"https:\/\/api.w.org\/{rel}","templated":true}]}}