{"id":238580,"date":"2023-02-06T20:09:52","date_gmt":"2023-02-07T00:09:52","guid":{"rendered":"https:\/\/elluchador.info\/web\/?p=238580"},"modified":"2023-02-06T20:09:52","modified_gmt":"2023-02-07T00:09:52","slug":"gobernacion-afina-cronograma-de-actividades-para-celebrar-carnavales-2023","status":"publish","type":"post","link":"https:\/\/elluchador.info\/?p=238580","title":{"rendered":"Gobernaci\u00f3n afina cronograma de actividades para celebrar carnavales 2023"},"content":{"rendered":"<p>El gobernador de Bol\u00edvar, \u00c1ngel Marcano, anunci\u00f3 los trabajos ejecutados en la \u00faltima semana, que van en consonancia con las 7 l\u00edneas estrat\u00e9gicas de acci\u00f3n, que impulsa el presidente, Nicol\u00e1s Maduro.<\/p>\n<p>El mandatario regional destac\u00f3 que este a\u00f1o los trabajos se realizar\u00e1n articuladamente, lo que garantizar\u00e1 el \u00e9xito del potencial, y crecimiento econ\u00f3mico, y social de Bol\u00edvar. \u201cSeguimos trabajando por la recuperaci\u00f3n de nuestro estado, la gente no quiere confrontaciones, estamos abiertos al di\u00e1logo para que el pueblo viva en tranquilidad\u201d. Refiri\u00f3 Marcano.<\/p>\n<p>En la edici\u00f3n n\u00famero 50, de su programa radial \u201c\u00c1ngel Marcano Hoy\u201d, el Gobernador habl\u00f3 de las actividades programadas para los d\u00edas de carnaval. Dijo que el inicio de la Ruta del Calipso, denominada este a\u00f1o; \u201cBol\u00edvar, tierra ancestral\u201d ser\u00e1 en el municipio Angostura del Orinoco.<\/p>\n<p>Patricia Cabrera, secretaria de Turismo, inform\u00f3 que en este evento, artistas de talla nacional y regional amenizar\u00e1n las actividades, con la presentaci\u00f3n de grupos de calipso aut\u00f3ctonos de Bol\u00edvar, m\u00e1scaras, comparsas, disfraces, y alegr\u00eda har\u00e1n vibrar a los bolivarenses.<\/p>\n<p>Seguidamente, el 18 de febrero, la Ruta del Calipso llegar\u00e1 al municipio Piar, se prev\u00e9n actividades alusivas a la ic\u00f3nica fecha. El 19 se realizar\u00e1 la acostumbrada Misa de las Madamas, en la poblaci\u00f3n de El Callao. Finalizando el 20 y 21, en el municipio Caron\u00ed.<\/p>\n<p>Marcano indic\u00f3 que se ha activado un gran equipo en la Troncal 10. \u201cTenemos una agenda de trabajo articulada con el Gobierno Nacional, se deben sumar los empresarios, esta v\u00eda ten\u00eda m\u00e1s de 12 a\u00f1os sin ser atendida, ya hemos colocado v\u00eda a El Callao, m\u00e1s de 200 toneladas de asfalto,<\/p>\n<p><strong>Mantenimiento y servicios\u00a0<\/strong><\/p>\n<p>Pedro Perales, secretario de Mantenimiento y Servicios Generales, tambi\u00e9n particip\u00f3 en el programa n\u00famero 50, destac\u00f3 que las jornadas de limpieza se ejecutan en toda la regi\u00f3n. \u201cSe ha trabajado en conjunto con los alcaldes, porque creemos en un Dios vivo, hemos avanzado para garantizar la visita de temporadistas, estamos trabajando con la Ruta Santa, y la eliminaci\u00f3n de botes de aguas servidas\u201d.<\/p>\n<p>Por \u00faltimo, el diputado a la Asamblea Nacional, Roy Quiaragua, habl\u00f3 sobre el encuentro sostenido en la ciudad de Caracas. \u201cEstuvimos en una reuni\u00f3n con el Gran Polo Patri\u00f3tico (GPP), donde se plante\u00f3 el esquema de las 7 l\u00edneas de acci\u00f3n, y se discutieron los trabajos que se han realizado en el estado Bol\u00edvar, dejando claro, que en la regi\u00f3n todo se ha dirigido a trav\u00e9s del di\u00e1logo\u201d.<\/p>\n<p><strong>Prensa Gobierno de Bol\u00edvar<\/strong><\/p>\n","protected":false},"excerpt":{"rendered":"<p>El gobernador de Bol\u00edvar, \u00c1ngel Marcano, anunci\u00f3 los trabajos ejecutados en la \u00faltima semana, que van en consonancia con las 7 l\u00edneas estrat\u00e9gicas de acci\u00f3n, que impulsa el presidente, Nicol\u00e1s Maduro. El mandatario regional destac\u00f3 que este a\u00f1o los trabajos se realizar\u00e1n articuladamente, lo que garantizar\u00e1 el \u00e9xito del potencial, y crecimiento econ\u00f3mico, y social [&hellip;]<\/p>\n","protected":false},"author":19,"featured_media":238581,"comment_status":"closed","ping_status":"closed","sticky":false,"template":"","format":"standard","meta":{"footnotes":""},"categories":[12],"tags":[],"class_list":{"0":"post-238580","1":"post","2":"type-post","3":"status-publish","4":"format-standard","5":"has-post-thumbnail","7":"category-regionales"},"_links":{"self":[{"href":"https:\/\/elluchador.info\/index.php?rest_route=\/wp\/v2\/posts\/238580","targetHints":{"allow":["GET"]}}],"collection":[{"href":"https:\/\/elluchador.info\/index.php?rest_route=\/wp\/v2\/posts"}],"about":[{"href":"https:\/\/elluchador.info\/index.php?rest_route=\/wp\/v2\/types\/post"}],"author":[{"embeddable":true,"href":"https:\/\/elluchador.info\/index.php?rest_route=\/wp\/v2\/users\/19"}],"replies":[{"embeddable":true,"href":"https:\/\/elluchador.info\/index.php?rest_route=%2Fwp%2Fv2%2Fcomments&post=238580"}],"version-history":[{"count":1,"href":"https:\/\/elluchador.info\/index.php?rest_route=\/wp\/v2\/posts\/238580\/revisions"}],"predecessor-version":[{"id":238582,"href":"https:\/\/elluchador.info\/index.php?rest_route=\/wp\/v2\/posts\/238580\/revisions\/238582"}],"wp:featuredmedia":[{"embeddable":true,"href":"https:\/\/elluchador.info\/index.php?rest_route=\/wp\/v2\/media\/238581"}],"wp:attachment":[{"href":"https:\/\/elluchador.info\/index.php?rest_route=%2Fwp%2Fv2%2Fmedia&parent=238580"}],"wp:term":[{"taxonomy":"category","embeddable":true,"href":"https:\/\/elluchador.info\/index.php?rest_route=%2Fwp%2Fv2%2Fcategories&post=238580"},{"taxonomy":"post_tag","embeddable":true,"href":"https:\/\/elluchador.info\/index.php?rest_route=%2Fwp%2Fv2%2Ftags&post=238580"}],"curies":[{"name":"wp","href":"https:\/\/api.w.org\/{rel}","templated":true}]}}