{"id":238616,"date":"2023-02-07T10:19:31","date_gmt":"2023-02-07T14:19:31","guid":{"rendered":"https:\/\/elluchador.info\/web\/?p=238616"},"modified":"2023-02-07T10:19:31","modified_gmt":"2023-02-07T14:19:31","slug":"roig-considera-positivo-propuesta-de-un-salario-de-emergencia","status":"publish","type":"post","link":"https:\/\/elluchador.info\/?p=238616","title":{"rendered":"Roig considera positivo propuesta de un salario de emergencia"},"content":{"rendered":"<p>El integrante del Consejo de la Administraci\u00f3n de la Organizaci\u00f3n Internacional de Trabajadores (OIT), Jorge Roig, se mostr\u00f3 de acuerdo con la CTV sobre la aplicaci\u00f3n de un \u00abdecreto de emergencia\u00bb que permita a los empleadores \u00abpagar mejores salarios sin que tenga recalculo en las prestaciones sociales\u00bb.<\/p>\n<p>Considera que la medida que se podr\u00eda aplicar por un tiempo determinado \u00abdestrancar\u00eda un poco el juego\u00bb en el que la inflaci\u00f3n se consume el valor adquisitivo.<\/p>\n<p>\u00abCreo que ser\u00eda una propuesta muy buena y me alegra much\u00edsimo que sean los trabajadores los que lo est\u00e9n ahora proponiendo\u00bb, dijo.<\/p>\n<p>Roig sostuvo que es necesario crear un marco legal \u00abque ratifique que lo que est\u00e1 sucediendo sea legal\u00bb y que por un per\u00edodo de \u00abun a\u00f1o o dos a\u00f1os\u00bb puedan pagar los bonos \u00absin que tenga influencia en los rec\u00e1lculos\u00bb de las prestaciones sociales.<\/p>\n<p>Asever\u00f3 que \u00abno hace falta\u00bb esperar hasta el mes de abril para el gobierno tome una decisi\u00f3n para mejorar los ingresos de los trabajadores.<\/p>\n<p>Explic\u00f3 que existen \u00abvarias medidas para mejorar un poco el salario\u00bb, ya sea por la v\u00eda del bono o por una ley que permita aumentar el bono de alimentaci\u00f3n sin que influya en las prestaciones sociales. \u00abCreo que tienen capacidad de maniobra y s\u00e9 que est\u00e1n preocupados por la situaci\u00f3n del pa\u00eds\u00bb, a\u00f1adi\u00f3.<\/p>\n<p>Con informaci\u00f3n de unionradio.net<\/p>\n","protected":false},"excerpt":{"rendered":"<p>El integrante del Consejo de la Administraci\u00f3n de la Organizaci\u00f3n Internacional de Trabajadores (OIT), Jorge Roig, se mostr\u00f3 de acuerdo con la CTV sobre la aplicaci\u00f3n de un \u00abdecreto de emergencia\u00bb que permita a los empleadores \u00abpagar mejores salarios sin que tenga recalculo en las prestaciones sociales\u00bb. Considera que la medida que se podr\u00eda aplicar [&hellip;]<\/p>\n","protected":false},"author":19,"featured_media":238617,"comment_status":"closed","ping_status":"closed","sticky":false,"template":"","format":"standard","meta":{"footnotes":""},"categories":[6],"tags":[],"class_list":{"0":"post-238616","1":"post","2":"type-post","3":"status-publish","4":"format-standard","5":"has-post-thumbnail","7":"category-economia"},"_links":{"self":[{"href":"https:\/\/elluchador.info\/index.php?rest_route=\/wp\/v2\/posts\/238616","targetHints":{"allow":["GET"]}}],"collection":[{"href":"https:\/\/elluchador.info\/index.php?rest_route=\/wp\/v2\/posts"}],"about":[{"href":"https:\/\/elluchador.info\/index.php?rest_route=\/wp\/v2\/types\/post"}],"author":[{"embeddable":true,"href":"https:\/\/elluchador.info\/index.php?rest_route=\/wp\/v2\/users\/19"}],"replies":[{"embeddable":true,"href":"https:\/\/elluchador.info\/index.php?rest_route=%2Fwp%2Fv2%2Fcomments&post=238616"}],"version-history":[{"count":1,"href":"https:\/\/elluchador.info\/index.php?rest_route=\/wp\/v2\/posts\/238616\/revisions"}],"predecessor-version":[{"id":238618,"href":"https:\/\/elluchador.info\/index.php?rest_route=\/wp\/v2\/posts\/238616\/revisions\/238618"}],"wp:featuredmedia":[{"embeddable":true,"href":"https:\/\/elluchador.info\/index.php?rest_route=\/wp\/v2\/media\/238617"}],"wp:attachment":[{"href":"https:\/\/elluchador.info\/index.php?rest_route=%2Fwp%2Fv2%2Fmedia&parent=238616"}],"wp:term":[{"taxonomy":"category","embeddable":true,"href":"https:\/\/elluchador.info\/index.php?rest_route=%2Fwp%2Fv2%2Fcategories&post=238616"},{"taxonomy":"post_tag","embeddable":true,"href":"https:\/\/elluchador.info\/index.php?rest_route=%2Fwp%2Fv2%2Ftags&post=238616"}],"curies":[{"name":"wp","href":"https:\/\/api.w.org\/{rel}","templated":true}]}}