{"id":238619,"date":"2023-02-07T10:23:02","date_gmt":"2023-02-07T14:23:02","guid":{"rendered":"https:\/\/elluchador.info\/web\/?p=238619"},"modified":"2023-02-07T10:23:02","modified_gmt":"2023-02-07T14:23:02","slug":"urge-metodo-que-permita-conservar-el-poder-adquisitivo","status":"publish","type":"post","link":"https:\/\/elluchador.info\/?p=238619","title":{"rendered":"Urge m\u00e9todo que permita conservar el poder adquisitivo"},"content":{"rendered":"<p>El diputado Orlando P\u00e9rez, presidente del Sindicato Nacional Fuerza Unitaria Magisterial -Sinafum-, precis\u00f3 que Fedec\u00e1maras, Fedeindustria y el resto de centrales como la socialista, consideran que la situaci\u00f3n econ\u00f3mica y financiera del pa\u00eds \u201cno es normal\u201d debido al bloqueo y a las sanciones.<\/p>\n<p>Explic\u00f3 que el tema del salario no puede ser abordada como en el resto de los pa\u00edses y considera necesario \u201ccrear una instancia que dise\u00f1e un m\u00e9todo que permita que el salario no pierda poder adquisitivo en tiempo real\u201d.<\/p>\n<p>Destac\u00f3 que el a\u00f1o pasado tras varios aumentos de sueldo tuvimos estabilidad econ\u00f3mica desde marzo hasta agosto de 2022. \u201cInclusive la Cepal y el BM expresaron que hab\u00eda un crecimiento de 7.2 % del Producto Interno Bruto -PIB-\u201c.<\/p>\n<p>No obstante, un nuevo ataque a la econom\u00eda desde EEUU, hubo un decrecimiento a partir del \u00faltimo trimestre de 2022 \u201clo cual quiere decir que se pierde el poder adquisitivo\u201d.<\/p>\n<p>Opina que hay tres temas que hay que atacar: la inflaci\u00f3n, la especulaci\u00f3n y la realidad pa\u00eds \u201cque no tiene los ingresos para sostener la n\u00f3mina de 9 millones y medio de personas\u201d.<\/p>\n<p>Agreg\u00f3 que el gobierno nacional tom\u00f3 la decisi\u00f3n de analizar un \u201cm\u00e9todo para sostener en el tiempo el poder adquisitivo\u201d.<\/p>\n<p>Record\u00f3 que el gobierno ha creado varios bonos entre ellos uno equivalente a $30 y \u201cdecidi\u00f3 hacer variable el acuerdo a c\u00f3mo cambia la tasa de acuerdo al BCV\u201d.<\/p>\n<p>Sin embargo, subray\u00f3 que \u201ceso no quiere decir que con eso basta\u201d.<\/p>\n<p>Con informaci\u00f3n de unionradio.net<\/p>\n","protected":false},"excerpt":{"rendered":"<p>El diputado Orlando P\u00e9rez, presidente del Sindicato Nacional Fuerza Unitaria Magisterial -Sinafum-, precis\u00f3 que Fedec\u00e1maras, Fedeindustria y el resto de centrales como la socialista, consideran que la situaci\u00f3n econ\u00f3mica y financiera del pa\u00eds \u201cno es normal\u201d debido al bloqueo y a las sanciones. Explic\u00f3 que el tema del salario no puede ser abordada como en [&hellip;]<\/p>\n","protected":false},"author":19,"featured_media":238620,"comment_status":"closed","ping_status":"closed","sticky":false,"template":"","format":"standard","meta":{"footnotes":""},"categories":[6],"tags":[],"class_list":{"0":"post-238619","1":"post","2":"type-post","3":"status-publish","4":"format-standard","5":"has-post-thumbnail","7":"category-economia"},"_links":{"self":[{"href":"https:\/\/elluchador.info\/index.php?rest_route=\/wp\/v2\/posts\/238619","targetHints":{"allow":["GET"]}}],"collection":[{"href":"https:\/\/elluchador.info\/index.php?rest_route=\/wp\/v2\/posts"}],"about":[{"href":"https:\/\/elluchador.info\/index.php?rest_route=\/wp\/v2\/types\/post"}],"author":[{"embeddable":true,"href":"https:\/\/elluchador.info\/index.php?rest_route=\/wp\/v2\/users\/19"}],"replies":[{"embeddable":true,"href":"https:\/\/elluchador.info\/index.php?rest_route=%2Fwp%2Fv2%2Fcomments&post=238619"}],"version-history":[{"count":1,"href":"https:\/\/elluchador.info\/index.php?rest_route=\/wp\/v2\/posts\/238619\/revisions"}],"predecessor-version":[{"id":238621,"href":"https:\/\/elluchador.info\/index.php?rest_route=\/wp\/v2\/posts\/238619\/revisions\/238621"}],"wp:featuredmedia":[{"embeddable":true,"href":"https:\/\/elluchador.info\/index.php?rest_route=\/wp\/v2\/media\/238620"}],"wp:attachment":[{"href":"https:\/\/elluchador.info\/index.php?rest_route=%2Fwp%2Fv2%2Fmedia&parent=238619"}],"wp:term":[{"taxonomy":"category","embeddable":true,"href":"https:\/\/elluchador.info\/index.php?rest_route=%2Fwp%2Fv2%2Fcategories&post=238619"},{"taxonomy":"post_tag","embeddable":true,"href":"https:\/\/elluchador.info\/index.php?rest_route=%2Fwp%2Fv2%2Ftags&post=238619"}],"curies":[{"name":"wp","href":"https:\/\/api.w.org\/{rel}","templated":true}]}}