{"id":238634,"date":"2023-02-07T11:04:21","date_gmt":"2023-02-07T15:04:21","guid":{"rendered":"https:\/\/elluchador.info\/web\/?p=238634"},"modified":"2023-02-07T11:04:21","modified_gmt":"2023-02-07T15:04:21","slug":"nuevo-monoplaza-de-ferrari-llevara-el-nombre-de-sf-23","status":"publish","type":"post","link":"https:\/\/elluchador.info\/?p=238634","title":{"rendered":"Nuevo monoplaza de Ferrari llevar\u00e1 el nombre de \u00abSF-23\u00bb"},"content":{"rendered":"<p>La escuder\u00eda italiana Ferrari desvel\u00f3 este martes el nombre de su nuevo monoplaza para el pr\u00f3ximo Mundial de F\u00f3rmula Uno, un \u00abSF-23\u00bb que ser\u00e1 presentado oficialmente el pr\u00f3ximo 14 de febrero.<\/p>\n<p>El espa\u00f1ol Carlos Sainz y el monegasco Charles Leclerc ya tienen nombre para su coche; que vuelve por octavo a\u00f1o a la llevar las letras \u2018SF\u2019; acr\u00f3nimo de \u2018Scuderia Ferrari\u2019, acompa\u00f1adas del a\u00f1o de la temporada en curso.<\/p>\n<p>Nuevo monoplaza de Ferrari ser\u00e1 presentado el pr\u00f3ximo 14 de febrero.<\/p>\n<p>Ferrari retoma el formato \u2018SF\u2019 utilizado desde 2015, cuando comenz\u00f3 la era h\u00edbrida de la competici\u00f3n; exceptuando la pasada campa\u00f1a, en la que el coche se llam\u00f3 F1-75 por el 75 aniversario de la escuder\u00eda; la m\u00e1s laureada del mundo y la \u00fanica que ha competido en todas las temporadas de la historia de este deporte.<\/p>\n<p>Red Bull presenta el RB19 de Verstappen y \u2018Checo\u2019 P\u00e9rez en Nueva York<\/p>\n<p>Red Bull, que el a\u00f1o pasado festej\u00f3 un \u201cdoblete\u201d al ganar los dos Mundiales de F\u00f3rmula Uno en juego, el de pilotos, gracias al neerland\u00e9s Max Verstappen; y el de constructores, para el que sum\u00f3 la aportaci\u00f3n del mexicano Sergio P\u00e9rez, present\u00f3 el pasado viernes en Nueva York el RB19, el monoplaza con el que afrontar\u00e1 el pr\u00f3ximo campeonato en la categor\u00eda reina del automovilismo.<\/p>\n<p>Red Bull, que logr\u00f3 el quinto \u201cdoblete\u201d de su historia -despu\u00e9s de los que lider\u00f3 entre 2010 y 2013 el alem\u00e1n Sebastian Vettel- present\u00f3 el nuevo coche de Verstappen y de su bravo compa\u00f1ero tapat\u00edo en un acto que tuvo lugar en Nueva York.<\/p>\n<p>Con informaci\u00f3n de unionradio.net<\/p>\n","protected":false},"excerpt":{"rendered":"<p>La escuder\u00eda italiana Ferrari desvel\u00f3 este martes el nombre de su nuevo monoplaza para el pr\u00f3ximo Mundial de F\u00f3rmula Uno, un \u00abSF-23\u00bb que ser\u00e1 presentado oficialmente el pr\u00f3ximo 14 de febrero. El espa\u00f1ol Carlos Sainz y el monegasco Charles Leclerc ya tienen nombre para su coche; que vuelve por octavo a\u00f1o a la llevar las [&hellip;]<\/p>\n","protected":false},"author":19,"featured_media":238635,"comment_status":"closed","ping_status":"closed","sticky":false,"template":"","format":"standard","meta":{"footnotes":""},"categories":[1,4],"tags":[],"class_list":{"0":"post-238634","1":"post","2":"type-post","3":"status-publish","4":"format-standard","5":"has-post-thumbnail","7":"category-deporte","8":"category-deportes"},"_links":{"self":[{"href":"https:\/\/elluchador.info\/index.php?rest_route=\/wp\/v2\/posts\/238634","targetHints":{"allow":["GET"]}}],"collection":[{"href":"https:\/\/elluchador.info\/index.php?rest_route=\/wp\/v2\/posts"}],"about":[{"href":"https:\/\/elluchador.info\/index.php?rest_route=\/wp\/v2\/types\/post"}],"author":[{"embeddable":true,"href":"https:\/\/elluchador.info\/index.php?rest_route=\/wp\/v2\/users\/19"}],"replies":[{"embeddable":true,"href":"https:\/\/elluchador.info\/index.php?rest_route=%2Fwp%2Fv2%2Fcomments&post=238634"}],"version-history":[{"count":1,"href":"https:\/\/elluchador.info\/index.php?rest_route=\/wp\/v2\/posts\/238634\/revisions"}],"predecessor-version":[{"id":238636,"href":"https:\/\/elluchador.info\/index.php?rest_route=\/wp\/v2\/posts\/238634\/revisions\/238636"}],"wp:featuredmedia":[{"embeddable":true,"href":"https:\/\/elluchador.info\/index.php?rest_route=\/wp\/v2\/media\/238635"}],"wp:attachment":[{"href":"https:\/\/elluchador.info\/index.php?rest_route=%2Fwp%2Fv2%2Fmedia&parent=238634"}],"wp:term":[{"taxonomy":"category","embeddable":true,"href":"https:\/\/elluchador.info\/index.php?rest_route=%2Fwp%2Fv2%2Fcategories&post=238634"},{"taxonomy":"post_tag","embeddable":true,"href":"https:\/\/elluchador.info\/index.php?rest_route=%2Fwp%2Fv2%2Ftags&post=238634"}],"curies":[{"name":"wp","href":"https:\/\/api.w.org\/{rel}","templated":true}]}}