{"id":238637,"date":"2023-02-07T11:12:09","date_gmt":"2023-02-07T15:12:09","guid":{"rendered":"https:\/\/elluchador.info\/web\/?p=238637"},"modified":"2023-02-07T11:12:09","modified_gmt":"2023-02-07T15:12:09","slug":"fortaleceran-la-formacion-tecnica-en-mas-de-500-barrios-en-el-pais","status":"publish","type":"post","link":"https:\/\/elluchador.info\/?p=238637","title":{"rendered":"Fortalecer\u00e1n la formaci\u00f3n t\u00e9cnica en m\u00e1s de 500 barrios en el pa\u00eds"},"content":{"rendered":"<p>El presidente del Instituto Nacional de Capacitaci\u00f3n y Educaci\u00f3n Socialista (Inces), Wuikelman \u00c1ngel Paredes, y el titular de la Fundaci\u00f3n J\u00f3venes del Barrio, Jos\u00e9 Luis Lugo Salazar, firmaron un convenio de cooperaci\u00f3n en materia de formaci\u00f3n t\u00e9cnica profesional.<\/p>\n<p>El objetivo del acuerdo es ofrecer formaci\u00f3n a los j\u00f3venes que hacen vida en m\u00e1s de 500 barrios del pa\u00eds, con especial atenci\u00f3n en \u00e1reas de mayor inter\u00e9s para el sector juvenil, como la comunicaci\u00f3n digital, la mec\u00e1nica y el emprendimiento, refiri\u00f3 el Inces en un comunicado de prensa.<\/p>\n<p>En un recorrido por la Escuela de Medios y Comunicaci\u00f3n, \u00c1ngel detall\u00f3 que el tipo de formaci\u00f3n que se imparte en el Inces est\u00e1 rigurosamente dise\u00f1ada para ser aplicada en el campo ocupacional, sin que prive para su ejercicio el ser egresado o no de una universidad.<\/p>\n<p>\u201cEl Inces ofrece formaci\u00f3n t\u00e9cnica profesional a los miembros de las comunidades. Su objetivo principal es brindar herramientas para la construcci\u00f3n de un perfil productivo\u201d, agreg\u00f3.<\/p>\n<p>En este sentido, Lugo Salazar coment\u00f3 que con la firma de este convenio formativo y productivo se espera fortalecer la econom\u00eda dentro de las comunas y de los consejos comunales. \u201cQueremos hacer un intercambio que involucre todos los procesos formativos y acad\u00e9micos\u201d, acot\u00f3.<\/p>\n<p>Con informaci\u00f3n de ultimasnoticias.com.ve<\/p>\n","protected":false},"excerpt":{"rendered":"<p>El presidente del Instituto Nacional de Capacitaci\u00f3n y Educaci\u00f3n Socialista (Inces), Wuikelman \u00c1ngel Paredes, y el titular de la Fundaci\u00f3n J\u00f3venes del Barrio, Jos\u00e9 Luis Lugo Salazar, firmaron un convenio de cooperaci\u00f3n en materia de formaci\u00f3n t\u00e9cnica profesional. El objetivo del acuerdo es ofrecer formaci\u00f3n a los j\u00f3venes que hacen vida en m\u00e1s de 500 [&hellip;]<\/p>\n","protected":false},"author":19,"featured_media":238638,"comment_status":"closed","ping_status":"closed","sticky":false,"template":"","format":"standard","meta":{"footnotes":""},"categories":[9],"tags":[],"class_list":{"0":"post-238637","1":"post","2":"type-post","3":"status-publish","4":"format-standard","5":"has-post-thumbnail","7":"category-nacionales"},"_links":{"self":[{"href":"https:\/\/elluchador.info\/index.php?rest_route=\/wp\/v2\/posts\/238637","targetHints":{"allow":["GET"]}}],"collection":[{"href":"https:\/\/elluchador.info\/index.php?rest_route=\/wp\/v2\/posts"}],"about":[{"href":"https:\/\/elluchador.info\/index.php?rest_route=\/wp\/v2\/types\/post"}],"author":[{"embeddable":true,"href":"https:\/\/elluchador.info\/index.php?rest_route=\/wp\/v2\/users\/19"}],"replies":[{"embeddable":true,"href":"https:\/\/elluchador.info\/index.php?rest_route=%2Fwp%2Fv2%2Fcomments&post=238637"}],"version-history":[{"count":1,"href":"https:\/\/elluchador.info\/index.php?rest_route=\/wp\/v2\/posts\/238637\/revisions"}],"predecessor-version":[{"id":238639,"href":"https:\/\/elluchador.info\/index.php?rest_route=\/wp\/v2\/posts\/238637\/revisions\/238639"}],"wp:featuredmedia":[{"embeddable":true,"href":"https:\/\/elluchador.info\/index.php?rest_route=\/wp\/v2\/media\/238638"}],"wp:attachment":[{"href":"https:\/\/elluchador.info\/index.php?rest_route=%2Fwp%2Fv2%2Fmedia&parent=238637"}],"wp:term":[{"taxonomy":"category","embeddable":true,"href":"https:\/\/elluchador.info\/index.php?rest_route=%2Fwp%2Fv2%2Fcategories&post=238637"},{"taxonomy":"post_tag","embeddable":true,"href":"https:\/\/elluchador.info\/index.php?rest_route=%2Fwp%2Fv2%2Ftags&post=238637"}],"curies":[{"name":"wp","href":"https:\/\/api.w.org\/{rel}","templated":true}]}}